{"id":7845,"date":"2019-05-10T09:32:24","date_gmt":"2019-05-10T07:32:24","guid":{"rendered":"https:\/\/www.tsvbadkoenigshofen-tischtennis.de\/?p=7845"},"modified":"2019-05-10T09:32:24","modified_gmt":"2019-05-10T07:32:24","slug":"klara-tempcke-gewinnt-bayerische-minimeisterschaften","status":"publish","type":"post","link":"https:\/\/www.tsvbadkoenigshofen-tischtennis.de\/?p=7845","title":{"rendered":"Klara Tempcke gewinnt Bayerische Minimeisterschaften"},"content":{"rendered":"<p>Wackersdorf\/Bad K\u00f6nigshofen. In Wackersdorf in der Oberpfalz wurden am vergangenen Wochenende die Bayerischen mini-Meister 2019 gek\u00fcrt \u2013 und erneut stand am Ende des Verbandsentscheids ein M\u00e4del aus dem Grabfeld ganz oben auf dem Treppchen.<br \/>\nNach Kimberly Sack (2017) und Koharu Itagaki (2018) kommt wieder eine \u201eMinimeisterin\u201c aus dem K\u00f6nigshofener Nest der Talente. Die neunj\u00e4hrige Grundsch\u00fclerin, Klara Tempcke, gewann souver\u00e4n den Titel in der AK II, der Jahrg\u00e4nge 2008 und 2009. Klara gewann s\u00e4mtliche sechs Gruppenspiele mit 3:0 oder 3:1 S\u00e4tzen. Auch in der Endrunde lie\u00df das TSV Talent nichts anbrennen. Im Viertelfinale gewann die Offensivspielerin gegen Lena B\u00f6hm (Mittelfranken) und im Halbfinale gegen Katharina Knaidl (Oberbayern) deutlich in drei \u00fcberlegen gef\u00fchrten S\u00e4tzen. Im Finale von Wackersdorf behauptete sich Klara Tempcke durch einen 3:1 Satzsieg gegen Emily Kronberger mit 3:1 S\u00e4tzen und strahlte danach bei der Siegerehrung wie ein Honigkuchen.<\/p>\n<p>M\u00e4dchen AK II<\/p>\n<p>1. Tempcke, Klara (Unterfranken-Nord)<br \/>\n2. Kronberger, Emily (Oberbayern-Ost)<br \/>\n3. Eichhorn, Annika (Mittelfranken-Nord)<\/p>\n","protected":false},"excerpt":{"rendered":"<p>Wackersdorf\/Bad K\u00f6nigshofen. In Wackersdorf in der Oberpfalz wurden am vergangenen Wochenende die Bayerischen mini-Meister 2019 gek\u00fcrt \u2013 und erneut stand am Ende des Verbandsentscheids ein M\u00e4del aus dem Grabfeld ganz oben auf dem Treppchen. Nach Kimberly Sack (2017) und Koharu Itagaki (2018) kommt wieder eine \u201eMinimeisterin\u201c aus dem K\u00f6nigshofener Nest der Talente. Die neunj\u00e4hrige Grundsch\u00fclerin,&#8230;<\/p>\n","protected":false},"author":2,"featured_media":0,"comment_status":"open","ping_status":"open","sticky":false,"template":"","format":"standard","meta":{"_acf_changed":false,"footnotes":""},"categories":[34],"tags":[],"class_list":["post-7845","post","type-post","status-publish","format-standard","hentry","category-amateure"],"acf":[],"_links":{"self":[{"href":"https:\/\/www.tsvbadkoenigshofen-tischtennis.de\/index.php?rest_route=\/wp\/v2\/posts\/7845","targetHints":{"allow":["GET"]}}],"collection":[{"href":"https:\/\/www.tsvbadkoenigshofen-tischtennis.de\/index.php?rest_route=\/wp\/v2\/posts"}],"about":[{"href":"https:\/\/www.tsvbadkoenigshofen-tischtennis.de\/index.php?rest_route=\/wp\/v2\/types\/post"}],"author":[{"embeddable":true,"href":"https:\/\/www.tsvbadkoenigshofen-tischtennis.de\/index.php?rest_route=\/wp\/v2\/users\/2"}],"replies":[{"embeddable":true,"href":"https:\/\/www.tsvbadkoenigshofen-tischtennis.de\/index.php?rest_route=%2Fwp%2Fv2%2Fcomments&post=7845"}],"version-history":[{"count":1,"href":"https:\/\/www.tsvbadkoenigshofen-tischtennis.de\/index.php?rest_route=\/wp\/v2\/posts\/7845\/revisions"}],"predecessor-version":[{"id":7846,"href":"https:\/\/www.tsvbadkoenigshofen-tischtennis.de\/index.php?rest_route=\/wp\/v2\/posts\/7845\/revisions\/7846"}],"wp:attachment":[{"href":"https:\/\/www.tsvbadkoenigshofen-tischtennis.de\/index.php?rest_route=%2Fwp%2Fv2%2Fmedia&parent=7845"}],"wp:term":[{"taxonomy":"category","embeddable":true,"href":"https:\/\/www.tsvbadkoenigshofen-tischtennis.de\/index.php?rest_route=%2Fwp%2Fv2%2Fcategories&post=7845"},{"taxonomy":"post_tag","embeddable":true,"href":"https:\/\/www.tsvbadkoenigshofen-tischtennis.de\/index.php?rest_route=%2Fwp%2Fv2%2Ftags&post=7845"}],"curies":[{"name":"wp","href":"https:\/\/api.w.org\/{rel}","templated":true}]}}