{"id":13864,"date":"2025-11-14T12:36:42","date_gmt":"2025-11-14T11:36:42","guid":{"rendered":"https:\/\/www.tsvbadkoenigshofen-tischtennis.de\/?p=13864"},"modified":"2025-11-25T14:18:56","modified_gmt":"2025-11-25T13:18:56","slug":"13864","status":"publish","type":"post","link":"https:\/\/www.tsvbadkoenigshofen-tischtennis.de\/?p=13864","title":{"rendered":"Daniel Habesohn erstmals gegen seine ehemaligen Postler"},"content":{"rendered":"<p data-start=\"140\" data-end=\"201\">Beitragsbild: F\u00fcr ihn ein besonders Spiel Daniel Habesohn; Neu-K\u00f6nigsh\u00f6fer, ehemaliger Postler<\/p>\n<p data-start=\"140\" data-end=\"201\"><strong data-start=\"140\" data-end=\"201\">Ein Sieg w\u00e4re bitter n\u00f6tig \u2013 Vorschau auf den 8. Spieltag<\/strong><\/p>\n<p data-start=\"203\" data-end=\"633\">Am morgigen Samstag steht f\u00fcr uns ein immens wichtiges Heimspiel auf dem Programm: Der 8. Spieltag der Tischtennis-Bundesliga f\u00fchrt den Post SV M\u00fchlhausen in die Shakehands Arena \u2013 und wir stehen mit dem R\u00fccken zur Wand. Mit bislang nur einem Sieg (3:0 in Gr\u00fcnwettersbach) stehen wir am Tabellenende, w\u00e4hrend die G\u00e4ste aus Th\u00fcringen bereits vier Punkte mehr auf dem Konto haben. Ein Erfolg w\u00e4re f\u00fcr uns also von gr\u00f6\u00dfter Bedeutung.<\/p>\n<h3 data-start=\"635\" data-end=\"703\">Unsere positive Bilanz gegen M\u00fchlhausen \u2013 h\u00e4lt sie auch diesmal?<\/h3>\n<p data-start=\"705\" data-end=\"1022\">In der vergangenen Saison entwickelte sich M\u00fchlhausen fast schon zu unserem Lieblingsgegner. Zum Bundesliga-Auftakt feierten wir ein starkes 3:0 zuhause, nur zwei Wochen sp\u00e4ter folgte ein 3:1 im Pokal. In der R\u00fcckrunde gelang ausw\u00e4rts ein hart erk\u00e4mpfter 3:2-Erfolg \u2013 ein entscheidender Schritt in Richtung Play-offs.<\/p>\n<p data-start=\"1024\" data-end=\"1410\">Unvergessen bleibt zudem der letzte Spieltag der regul\u00e4ren Saison: Wir verloren zwar 0:3 gegen Saarbr\u00fccken, doch M\u00fchlhausen gewann parallel 3:2 gegen Fulda \u2013 und verhalf uns damit zum Einzug in die Play-offs. Ein besonderer Moment f\u00fcr Daniel Habesohn, der f\u00fcr M\u00fchlhausen sein letztes Spiel bestritt und im Doppel quasi schon in Doppelfunktion f\u00fcr seinen k\u00fcnftigen Arbeitgeber spielte.<\/p>\n<h3 data-start=\"1412\" data-end=\"1465\">M\u00fchlhausen: Starker Start, herber D\u00e4mpfer zuletzt<\/h3>\n<p data-start=\"1467\" data-end=\"2092\">M\u00fchlhausen startete furios in die Saison und gewann gegen Gr\u00fcnwettersbach, Grenzau und Bad Homburg. Dann jedoch folgten vier Niederlagen \u2013 gegen Bergneustadt, Dortmund, Saarbr\u00fccken und zuletzt Ochsenhausen. Vor allem die Pleite am Donnerstagabend im heimischen Lotto-Th\u00fcringen-Center tat weh.<\/p>\n<p data-start=\"1467\" data-end=\"2092\">M\u00fchlhausens Trainer Erik Schreyer fand danach klare Worte:<br data-start=\"1799\" data-end=\"1802\" \/><em data-start=\"1802\" data-end=\"2092\">\u201eEs war eine bittere Niederlage; sehr entt\u00e4uschend. Der Matchplan ging (eigentlich) auf; das Ziel war, das Doppel zu erreichen. Dass dann ausgerechnet die erfahrenen Ionescu und Mengel so verlieren und die jungen von Ochsenhausen so wieder reinlassen, das darf bei unseren Ambitionen nicht passieren. Da m\u00fcssen wir dar\u00fcber sprechen, dass man sich so im vierten Satz ergibt, das ist so nicht akzeptabel.\u201c<\/em><\/p>\n<h3 data-start=\"2094\" data-end=\"2140\">Auch wir m\u00fcssen eine Entt\u00e4uschung verdauen<\/h3>\n<p data-start=\"2142\" data-end=\"2457\">Unsere eigene Gef\u00fchlslage ist nach der Niederlage in Bad Homburg \u00e4hnlich ged\u00e4mpft. Lediglich Filip Zeljko zeigte Normalform und gewann gleich zum Auftakt gegen Yokotani \u2013 eigentlich der perfekte Dosen\u00f6ffner. Doch weder Bastian noch Andre konnten an ihre gewohnten Leistungen ankn\u00fcpfen. Das m\u00fcssen wir morgen \u00e4ndern.<\/p>\n<p data-start=\"2459\" data-end=\"2668\">Dass unser Team nicht mehr vergleichbar ist zum Vorjahr, liegt auf der Hand: Spitzenspieler Jin Ueda fehlt uns schmerzlich, ebenso der \u00fcberragende Doppelspieler Martin Allegro, als DER Doppelspezialist schlechthin unser ganz pers\u00f6nlicher \u201eMVP\u201c der vergangenen Saison.<\/p>\n<p data-start=\"2670\" data-end=\"3022\">Auch M\u00fchlhausen hat sein Gesicht ver\u00e4ndert. Neben Daniel Habesohn verlie\u00df auch Irvin Bertrand den Verein. Mit dem Portugiesen Marcos Freitas (WR 102) und dem amtierenden Deutschen Meister Kay Stumper kamen jedoch absolute Topspieler an den Kristanplatz. Au\u00dferdem steht der Taiwanese Cheng-Ting Liao (WR 80) im Aufgebot, der allerdings noch kein Spiel bestritten hat.<\/p>\n<h3 data-start=\"3024\" data-end=\"3071\">Wir brauchen die Unterst\u00fctzung unserer Fans<\/h3>\n<p data-start=\"3073\" data-end=\"3342\">Morgen z\u00e4hlt es. Und wir wissen: Mit der Energie unserer Fans im R\u00fccken k\u00f6nnen wir auch schwierige Situationen drehen. Wir brauchen den ber\u00fchmten Funken, der von den R\u00e4ngen auf die Box \u00fcberspringt \u2013 und dann wollen wir alles daf\u00fcr geben, die Punkte endlich mal wieder zuhause zu behalten.<\/p>\n<p data-start=\"3073\" data-end=\"3342\"><span style=\"font-size: 18pt;\"><strong>Spielbeginn ist am 15.11.2025 in der shakehandsArena in Bad K\u00f6nigshofen um 17:30 Uhr<\/strong><\/span><\/p>\n<p data-start=\"3073\" data-end=\"3342\">Dieses Spiel wird Ihnen pr\u00e4sentiert von unserem Partner Optik Schleelein, ihrem Augenoptik- und H\u00f6rakustikfachgesch\u00e4ft in Bad K\u00f6nigshofen<a href=\"https:\/\/www.optik-schleelein.de\"><img decoding=\"async\" src=\"https:\/\/www.optik-schleelein.de\/wp-content\/uploads\/LogoLinks.png\" alt=\"Optik Schleelein \u2013 Wann sehen wir uns?\" \/><\/a><\/p>\n<p data-start=\"3073\" data-end=\"3342\">Karten gibt es noch an der Tageskasse.<\/p>\n<hr data-start=\"3344\" data-end=\"3347\" \/>\n<h2 data-start=\"3349\" data-end=\"3412\"><strong data-start=\"3352\" data-end=\"3412\">Kader der beiden Teams:\u00a0<\/strong><\/h2>\n<div class=\"_tableContainer_1rjym_1\">\n<div class=\"group _tableWrapper_1rjym_13 flex w-fit flex-col-reverse\" tabindex=\"-1\">\n<table class=\"w-fit min-w-(--thread-content-width)\" style=\"width: 32.958759%;\" data-start=\"3414\" data-end=\"3861\">\n<thead data-start=\"3414\" data-end=\"3466\">\n<tr data-start=\"3414\" data-end=\"3466\">\n<th style=\"width: 51.820728%;\" data-start=\"3414\" data-end=\"3440\" data-col-size=\"sm\"><strong data-start=\"3416\" data-end=\"3439\">TSV Bad K\u00f6nigshofen<\/strong><\/th>\n<th style=\"width: 70.142002%;\" data-start=\"3440\" data-end=\"3466\" data-col-size=\"sm\"><strong data-start=\"3442\" data-end=\"3464\">Post SV M\u00fchlhausen<\/strong><\/th>\n<\/tr>\n<\/thead>\n<tbody data-start=\"3521\" data-end=\"3861\">\n<tr data-start=\"3521\" data-end=\"3574\">\n<td style=\"width: 51.820728%;\" data-start=\"3521\" data-end=\"3547\" data-col-size=\"sm\"><strong data-start=\"3523\" data-end=\"3542\">Bastian Steger:<\/strong>\u00a0 \u00a0 \u00a0 \u00a0 \u00a02:4<\/td>\n<td style=\"width: 70.142002%;\" data-col-size=\"sm\" data-start=\"3547\" data-end=\"3574\"><strong data-start=\"3549\" data-end=\"3568\">Steffen Mengel:<\/strong>\u00a0 \u00a0 \u00a0 \u00a0 \u00a05:3<\/td>\n<\/tr>\n<tr data-start=\"3575\" data-end=\"3632\">\n<td style=\"width: 51.820728%;\" data-start=\"3575\" data-end=\"3605\" data-col-size=\"sm\"><strong data-start=\"3577\" data-end=\"3600\">Andre Bertelsmeier:<\/strong> 2:7<\/td>\n<td style=\"width: 70.142002%;\" data-col-size=\"sm\" data-start=\"3605\" data-end=\"3632\"><strong data-start=\"3607\" data-end=\"3626\">Marcos Freitas:<\/strong>\u00a0 \u00a0 \u00a0 \u00a0 \u00a03:4<\/td>\n<\/tr>\n<tr data-start=\"3633\" data-end=\"3684\">\n<td style=\"width: 51.820728%;\" data-start=\"3633\" data-end=\"3660\" data-col-size=\"sm\"><strong data-start=\"3635\" data-end=\"3655\">Daniel Habesohn:<\/strong>\u00a0 \u00a0 \u00a02:3<\/td>\n<td style=\"width: 70.142002%;\" data-col-size=\"sm\" data-start=\"3660\" data-end=\"3684\"><strong data-start=\"3662\" data-end=\"3678\">Kay Stumper:<\/strong>\u00a0 \u00a0 \u00a0 \u00a0 \u00a0 \u00a0 2:3<\/td>\n<\/tr>\n<tr data-start=\"3685\" data-end=\"3736\">\n<td style=\"width: 51.820728%;\" data-start=\"3685\" data-end=\"3709\" data-col-size=\"sm\"><strong data-start=\"3687\" data-end=\"3704\">Filip Zeljko:<\/strong>\u00a0 \u00a0 \u00a0 \u00a0 \u00a0 \u00a0 \u00a0 \u00a01:4<\/td>\n<td style=\"width: 70.142002%;\" data-col-size=\"sm\" data-start=\"3709\" data-end=\"3736\"><strong data-start=\"3711\" data-end=\"3730\">Ovidiu Ionescu:<\/strong>\u00a0 \u00a0 \u00a0 \u00a0 1:2<\/td>\n<\/tr>\n<tr data-start=\"3737\" data-end=\"3783\">\n<td style=\"width: 51.820728%;\" data-start=\"3737\" data-end=\"3755\" data-col-size=\"sm\"><strong data-start=\"3739\" data-end=\"3750\">Doppel:<\/strong>\u00a0 \u00a0 \u00a0 \u00a0 \u00a0 \u00a0 \u00a0 \u00a0 \u00a0 \u00a0 \u00a00:0<\/td>\n<td style=\"width: 70.142002%;\" data-col-size=\"sm\" data-start=\"3755\" data-end=\"3783\"><strong data-start=\"3757\" data-end=\"3777\">Cheng Ting Liao: \u00a0 \u00a0 <\/strong>0:0<\/td>\n<\/tr>\n<tr data-start=\"3784\" data-end=\"3829\">\n<td style=\"width: 51.820728%;\" data-start=\"3784\" data-end=\"3810\" data-col-size=\"sm\"><strong data-start=\"3786\" data-end=\"3796\">Coach:<\/strong> Koji Itagaki<\/td>\n<td style=\"width: 70.142002%;\" data-col-size=\"sm\" data-start=\"3810\" data-end=\"3829\"><strong data-start=\"3812\" data-end=\"3823\">Doppel:<\/strong>\u00a0 \u00a0 \u00a0 \u00a0 \u00a0 \u00a0 \u00a0 \u00a0 \u00a0 \u00a0 \u00a01:1<\/td>\n<\/tr>\n<tr data-start=\"3830\" data-end=\"3861\">\n<td style=\"width: 51.820728%;\" data-start=\"3830\" data-end=\"3833\" data-col-size=\"sm\"><\/td>\n<td style=\"width: 70.142002%;\" data-start=\"3833\" data-end=\"3861\" data-col-size=\"sm\"><strong data-start=\"3835\" data-end=\"3845\">Coach:<\/strong> Erik Schreyer<\/td>\n<\/tr>\n<\/tbody>\n<\/table>\n<\/div>\n<\/div>\n","protected":false},"excerpt":{"rendered":"<p>Beitragsbild: F\u00fcr ihn ein besonders Spiel Daniel Habesohn; Neu-K\u00f6nigsh\u00f6fer, ehemaliger Postler Ein Sieg w\u00e4re bitter n\u00f6tig \u2013 Vorschau auf den 8. Spieltag Am morgigen Samstag steht f\u00fcr uns ein immens wichtiges Heimspiel auf dem Programm: Der 8. Spieltag der Tischtennis-Bundesliga f\u00fchrt den Post SV M\u00fchlhausen in die Shakehands Arena \u2013 und wir stehen mit dem&#8230;<\/p>\n","protected":false},"author":5,"featured_media":14123,"comment_status":"open","ping_status":"open","sticky":false,"template":"","format":"standard","meta":{"_acf_changed":false,"footnotes":""},"categories":[28],"tags":[],"class_list":["post-13864","post","type-post","status-publish","format-standard","has-post-thumbnail","hentry","category-ttbl"],"acf":[],"_links":{"self":[{"href":"https:\/\/www.tsvbadkoenigshofen-tischtennis.de\/index.php?rest_route=\/wp\/v2\/posts\/13864","targetHints":{"allow":["GET"]}}],"collection":[{"href":"https:\/\/www.tsvbadkoenigshofen-tischtennis.de\/index.php?rest_route=\/wp\/v2\/posts"}],"about":[{"href":"https:\/\/www.tsvbadkoenigshofen-tischtennis.de\/index.php?rest_route=\/wp\/v2\/types\/post"}],"author":[{"embeddable":true,"href":"https:\/\/www.tsvbadkoenigshofen-tischtennis.de\/index.php?rest_route=\/wp\/v2\/users\/5"}],"replies":[{"embeddable":true,"href":"https:\/\/www.tsvbadkoenigshofen-tischtennis.de\/index.php?rest_route=%2Fwp%2Fv2%2Fcomments&post=13864"}],"version-history":[{"count":9,"href":"https:\/\/www.tsvbadkoenigshofen-tischtennis.de\/index.php?rest_route=\/wp\/v2\/posts\/13864\/revisions"}],"predecessor-version":[{"id":13873,"href":"https:\/\/www.tsvbadkoenigshofen-tischtennis.de\/index.php?rest_route=\/wp\/v2\/posts\/13864\/revisions\/13873"}],"wp:featuredmedia":[{"embeddable":true,"href":"https:\/\/www.tsvbadkoenigshofen-tischtennis.de\/index.php?rest_route=\/wp\/v2\/media\/14123"}],"wp:attachment":[{"href":"https:\/\/www.tsvbadkoenigshofen-tischtennis.de\/index.php?rest_route=%2Fwp%2Fv2%2Fmedia&parent=13864"}],"wp:term":[{"taxonomy":"category","embeddable":true,"href":"https:\/\/www.tsvbadkoenigshofen-tischtennis.de\/index.php?rest_route=%2Fwp%2Fv2%2Fcategories&post=13864"},{"taxonomy":"post_tag","embeddable":true,"href":"https:\/\/www.tsvbadkoenigshofen-tischtennis.de\/index.php?rest_route=%2Fwp%2Fv2%2Ftags&post=13864"}],"curies":[{"name":"wp","href":"https:\/\/api.w.org\/{rel}","templated":true}]}}