{"id":13655,"date":"2025-10-19T21:37:43","date_gmt":"2025-10-19T19:37:43","guid":{"rendered":"https:\/\/www.tsvbadkoenigshofen-tischtennis.de\/?p=13655"},"modified":"2025-10-20T14:58:29","modified_gmt":"2025-10-20T12:58:29","slug":"werder-bremen-hohe-huerde-fuer-einen-heimsieg-aber-nicht-unloesbar","status":"publish","type":"post","link":"https:\/\/www.tsvbadkoenigshofen-tischtennis.de\/?p=13655","title":{"rendered":"Werder Bremen hohe H\u00fcrde f\u00fcr einen Heimsieg &#8211; aber nicht unl\u00f6sbar"},"content":{"rendered":"<p>Beitragsbild: Patrick Wichmann<\/p>\n<p style=\"font-weight: 400;\"><strong>Erster gegen Letzter \u2013 aber kein Grund, den Kopf in den Sand zu stecken<\/strong><\/p>\n<p>Wenn am Sonntag der Tabellenletzte TSV Bad K\u00f6nigshofen auf den Tabellenf\u00fchrer SV Werder Bremen trifft, scheint die Rollenverteilung auf den ersten Blick klar. Doch die Tabelle spiegelt die wahren Kr\u00e4fteverh\u00e4ltnisse nur bedingt wider. Wir haben bereits gegen die drei Top-Favoriten der Liga \u2013 D\u00fcsseldorf, Fulda und Saarbr\u00fccken \u2013 gespielt und hatten damit \u00a0das wohl h\u00e4rteste Auftaktprogramm der Liga.<\/p>\n<p>Zwar gab es zum Auftakt eine \u00e4rgerliche Niederlage in Grenzau, in einem Spiel, das wir ohne Zweifel h\u00e4tten gewinnen m\u00fcssen \u2013 insbesondere, weil Grenzau ohne Spitzenspieler Feng Yi-Hsin auskommen mussten. Der \u00fcberzeugende 3:0-Ausw\u00e4rtssiegam vergangenen Spieltag in Gr\u00fcnwettersbach zeigte dann endlich, wozu unser Team in Bestform f\u00e4hig ist.<\/p>\n<p>\u2e3b<\/p>\n<p><span style=\"text-decoration: underline;\"><strong>Bremen in starker Form \u2013 aber nicht unschlagbar<\/strong><\/span><\/p>\n<p>Werder Bremen hat bislang nur ein Spiel verloren \u2013 ein 1:3 beim amtierenden Meister Ochsenhausen. Davor und danach setzte Bremen beeindruckende Ausrufezeichen: ein 3:0 in D\u00fcsseldorf (das damals allerdings ohne Dang Qiu und ohne Kanak Jha antrat), ein 3:2 daheim gegen Saarbr\u00fccken (in absoluter Bestbesetzung!) sowie ein 3:1 gegen Bergneustadt, das zum Kreis der erweiterten Playoff-Kandidaten z\u00e4hlt. Im Pokal schied Bremen wie wir im Achtelfinale aus \u2013 \u00a0gegen Ochsenhausen, gegen das bereits in der Meisterschaft verloren wurde.<\/p>\n<p>Fr\u00fcher war Bremen fast ausschlie\u00dflich mit Mattias Falck verkn\u00fcpft. Mittlerweile ist das Team von Headcoach Kristian Tamas deutlich breiter aufgestellt da. Falck steht aktuell bei einer 4:3-Bilanz (2024\/25: 16:11), Gerassimenko, l\u00e4ngst ebenso wie Falck einer der Top-Spieler der Liga, <span>\u00a0<\/span>bei 3:4 (2024\/25: starke 21:10), Bertrand bei 3:1 (neu von M\u00fchlhausen gekommen, 2024\/25: 5:12), und Aguirre bei 1:0 \u2013 letzterer besiegte gegen Saarbr\u00fccken zuletzt sensationell Fan Zhendong, den aktuell vermutlich besten Spieler der Welt.<\/p>\n<p><img loading=\"lazy\" decoding=\"async\" class=\"alignnone size-medium wp-image-13678\" src=\"https:\/\/www.tsvbadkoenigshofen-tischtennis.de\/wp-content\/uploads\/2025\/10\/18-300x200.jpeg\" alt=\"\" width=\"300\" height=\"200\" srcset=\"https:\/\/www.tsvbadkoenigshofen-tischtennis.de\/wp-content\/uploads\/2025\/10\/18-300x200.jpeg 300w, https:\/\/www.tsvbadkoenigshofen-tischtennis.de\/wp-content\/uploads\/2025\/10\/18-1024x683.jpeg 1024w, https:\/\/www.tsvbadkoenigshofen-tischtennis.de\/wp-content\/uploads\/2025\/10\/18-600x400.jpeg 600w\" sizes=\"auto, (max-width: 300px) 100vw, 300px\" \/>Mattias Falck, Vizeweltmeister Einzel 2019, Doppelweltmeister 2021<\/p>\n<p><img loading=\"lazy\" decoding=\"async\" class=\"alignnone size-medium wp-image-13675\" src=\"https:\/\/www.tsvbadkoenigshofen-tischtennis.de\/wp-content\/uploads\/2025\/10\/50-300x200.jpeg\" alt=\"\" width=\"300\" height=\"200\" srcset=\"https:\/\/www.tsvbadkoenigshofen-tischtennis.de\/wp-content\/uploads\/2025\/10\/50-300x200.jpeg 300w, https:\/\/www.tsvbadkoenigshofen-tischtennis.de\/wp-content\/uploads\/2025\/10\/50-1024x683.jpeg 1024w, https:\/\/www.tsvbadkoenigshofen-tischtennis.de\/wp-content\/uploads\/2025\/10\/50-600x400.jpeg 600w\" sizes=\"auto, (max-width: 300px) 100vw, 300px\" \/> Marcello Aguirre, Sensationssieger \u00fcber Fan Zhendong (beide Fotos Jessica Bugajew)<\/p>\n<p>\u2e3b<\/p>\n<p><span style=\"text-decoration: underline;\"><strong>Unsere Spielerbilanzen &#8211; kein Spieler aktuell im positiven Bereich :<\/strong><\/span><br \/>\nBastian Steger und Daniel Habesohn stehen ausgeglichen bei 2:2, Andr\u00e9 Bertelsmeier bei 2:4 und Filip Zeljko bei 0:4.<\/p>\n<p style=\"font-weight: 400;\">Klar ist auch: Wir haben seit dem 18. Januar 2025 keines unserer letzten acht Heimspiele (inklusive Pokal) gewonnen. Das klingt dramatisch \u2013 aber wer genauer hinsieht, erkennt das Muster: Allein sechs dieser acht Niederlagen kamen gegen Saarbr\u00fccken (2x Meisterschaft) <span>\u00a0<\/span>und D\u00fcsseldorf (2x Meisterschaft, 1x Play-off und 1x Pokal) zustande, die beide in diesen Spielen jeweils immer in Bestbesetzung antraten. Wir haben in diesen Spielen keineswegs entt\u00e4uscht \u2013 im Gegenteil, oft war mehr drin.<\/p>\n<p><span style=\"text-decoration: underline;\"><strong>Unser letzter Heimsieg?<\/strong><\/span><\/p>\n<p>Genau \u2013 am 18. Januar mit 3:2 gegen Werder Bremen. Und auch im Hinspiel der vergangenen Saison gewannen wir ausw\u00e4rts in Bremen 3:2 \u2013 damals sogar ohne den verletzten Basti Steger. Die letzten drei und vier der letzten f\u00fcnf Spiele gegen Bremen gewannen wir gegen die Norddeutschen! Chancenlos sollten wir am Sonntag somit nicht sein.<\/p>\n<p>\u2e3b<\/p>\n<p><span style=\"text-decoration: underline;\"><strong>Formkurve: Gradmesser Team EM in Zadar vom 12. \u2013 19.10.2025<\/strong><\/span><\/p>\n<p>Mehrere unserer Spieler sowie auch Mattias Falck waren j\u00fcngst bei der Team-EM in Zadar im Einsatz. F\u00fcr Titelverteidiger Schweden und f\u00fcr Falck verlief das Turnier entt\u00e4uschend \u2013 Falck gewann zwar seine Einzel in den beiden Gruppenspielen gegen T\u00fcrkei und Tschechien, verlor aber \u00fcberraschend im Achtelfinale gegen Grenzaus Polen Maceji Kubik und kam im Viertelfinale bei der Niederlage gegen Rum\u00e4nien nicht mehr zum Einsatz.<\/p>\n<p>F\u00fcr unsere Jungs war die EM gemischt: Andr\u00e9 Bertelsmeier blieb erwartungsgem\u00e4\u00df bei seinem ersten gro\u00dfen Mannschaftsturnier f\u00fcr Deutschland Ersatzmann, w\u00e4hrend \u00d6sterreichs Teamchef \u00fcberraschend auf Daniel Habesohn bei den beiden Gruppenspielniederlagen gegen Kroatien und Moldawien verzichtete. Filip Zeljko dagegen durfte f\u00fcr Kroatien im Viertelfinale gegen Deutschland ran \u2013 und zeigte dort eine starke Leistung. Gegen den Europameister von 2022, Dang Qiu, f\u00fchrte er bei 1:2 Satzr\u00fcckstand im vierten Satz schon 6:0 und hatte den Entscheidungssatz greifbar, bevor Qiu die Partie noch drehte. Das sollte dennoch Selbstvertrauen geben.<\/p>\n<figure id=\"attachment_13666\" aria-describedby=\"caption-attachment-13666\" style=\"width: 300px\" class=\"wp-caption alignnone\"><img loading=\"lazy\" decoding=\"async\" class=\"size-medium wp-image-13666\" src=\"https:\/\/www.tsvbadkoenigshofen-tischtennis.de\/wp-content\/uploads\/2025\/10\/20250915_Filip-Zeljko-104-2-300x200.jpeg\" alt=\"\" width=\"300\" height=\"200\" srcset=\"https:\/\/www.tsvbadkoenigshofen-tischtennis.de\/wp-content\/uploads\/2025\/10\/20250915_Filip-Zeljko-104-2-300x200.jpeg 300w, https:\/\/www.tsvbadkoenigshofen-tischtennis.de\/wp-content\/uploads\/2025\/10\/20250915_Filip-Zeljko-104-2-1024x681.jpeg 1024w, https:\/\/www.tsvbadkoenigshofen-tischtennis.de\/wp-content\/uploads\/2025\/10\/20250915_Filip-Zeljko-104-2-600x400.jpeg 600w\" sizes=\"auto, (max-width: 300px) 100vw, 300px\" \/><figcaption id=\"caption-attachment-13666\" class=\"wp-caption-text\">Filip Zeljko: Bei der Team EM in Zadar mit starker Leistung im Viertelfinale<\/figcaption><\/figure>\n<p>\u2e3b<\/p>\n<p><span style=\"text-decoration: underline;\"><strong>Fazit:<\/strong> <\/span>Jedes Spiel muss erst gespielt werden<\/p>\n<p>Wir wissen: Bremen kommt als Tabellenf\u00fchrer \u2013 aber auch als Gegner, den wir zuletzt dreimal in Serie besiegen konnten. Unsere Leistungen in den vergangenen Wochen waren st\u00e4rker, als es die nackten Zahlen zeigen. Jetzt gilt es, den Heimfluch zu brechen und wieder ein Zeichen zu setzen.<\/p>\n<p>Erster Aufschlag ist am Sonntag, 26. Oktober, um 15:30 Uhr in der shakehandsArena.<br \/>\nWie immer \u00fcbertr\u00e4gt unser Partner Dyn das Spiel live (nur mit Abonnement).<\/p>\n<p><strong>Lasst uns gemeinsam alles f\u00fcr die n\u00e4chsten Punkte geben \u2013 am und neben dem Tisch!<\/strong><\/p>\n<p><img loading=\"lazy\" decoding=\"async\" class=\"alignnone size-medium wp-image-13575\" src=\"https:\/\/www.tsvbadkoenigshofen-tischtennis.de\/wp-content\/uploads\/2025\/10\/Koji-Jubel-Gruenwettersbach-300x169.jpg\" alt=\"\" width=\"300\" height=\"169\" srcset=\"https:\/\/www.tsvbadkoenigshofen-tischtennis.de\/wp-content\/uploads\/2025\/10\/Koji-Jubel-Gruenwettersbach-300x169.jpg 300w, https:\/\/www.tsvbadkoenigshofen-tischtennis.de\/wp-content\/uploads\/2025\/10\/Koji-Jubel-Gruenwettersbach-1024x576.jpg 1024w, https:\/\/www.tsvbadkoenigshofen-tischtennis.de\/wp-content\/uploads\/2025\/10\/Koji-Jubel-Gruenwettersbach-600x338.jpg 600w\" sizes=\"auto, (max-width: 300px) 100vw, 300px\" \/><\/p>\n<p>In Gr\u00fcnwettersbach hatte er ein goldenes H\u00e4ndchen. Einiges wird auch am Sonntag von seiner Aufstellung abh\u00e4ngen: Koji Itagaki, Headcoach TSV Bad K\u00f6nigshofen (Bild Philipp Wohlfart)<br \/>\nAuf geht\u2019s, TSV! \u00a0 Auf geht&#8217;s shakehandsArena!<\/p>\n","protected":false},"excerpt":{"rendered":"<p>Beitragsbild: Patrick Wichmann Erster gegen Letzter \u2013 aber kein Grund, den Kopf in den Sand zu stecken Wenn am Sonntag der Tabellenletzte TSV Bad K\u00f6nigshofen auf den Tabellenf\u00fchrer SV Werder Bremen trifft, scheint die Rollenverteilung auf den ersten Blick klar. Doch die Tabelle spiegelt die wahren Kr\u00e4fteverh\u00e4ltnisse nur bedingt wider. Wir haben bereits gegen die&#8230;<\/p>\n","protected":false},"author":5,"featured_media":13669,"comment_status":"open","ping_status":"open","sticky":false,"template":"","format":"standard","meta":{"_acf_changed":false,"footnotes":""},"categories":[28],"tags":[],"class_list":["post-13655","post","type-post","status-publish","format-standard","has-post-thumbnail","hentry","category-ttbl"],"acf":[],"_links":{"self":[{"href":"https:\/\/www.tsvbadkoenigshofen-tischtennis.de\/index.php?rest_route=\/wp\/v2\/posts\/13655","targetHints":{"allow":["GET"]}}],"collection":[{"href":"https:\/\/www.tsvbadkoenigshofen-tischtennis.de\/index.php?rest_route=\/wp\/v2\/posts"}],"about":[{"href":"https:\/\/www.tsvbadkoenigshofen-tischtennis.de\/index.php?rest_route=\/wp\/v2\/types\/post"}],"author":[{"embeddable":true,"href":"https:\/\/www.tsvbadkoenigshofen-tischtennis.de\/index.php?rest_route=\/wp\/v2\/users\/5"}],"replies":[{"embeddable":true,"href":"https:\/\/www.tsvbadkoenigshofen-tischtennis.de\/index.php?rest_route=%2Fwp%2Fv2%2Fcomments&post=13655"}],"version-history":[{"count":16,"href":"https:\/\/www.tsvbadkoenigshofen-tischtennis.de\/index.php?rest_route=\/wp\/v2\/posts\/13655\/revisions"}],"predecessor-version":[{"id":13698,"href":"https:\/\/www.tsvbadkoenigshofen-tischtennis.de\/index.php?rest_route=\/wp\/v2\/posts\/13655\/revisions\/13698"}],"wp:featuredmedia":[{"embeddable":true,"href":"https:\/\/www.tsvbadkoenigshofen-tischtennis.de\/index.php?rest_route=\/wp\/v2\/media\/13669"}],"wp:attachment":[{"href":"https:\/\/www.tsvbadkoenigshofen-tischtennis.de\/index.php?rest_route=%2Fwp%2Fv2%2Fmedia&parent=13655"}],"wp:term":[{"taxonomy":"category","embeddable":true,"href":"https:\/\/www.tsvbadkoenigshofen-tischtennis.de\/index.php?rest_route=%2Fwp%2Fv2%2Fcategories&post=13655"},{"taxonomy":"post_tag","embeddable":true,"href":"https:\/\/www.tsvbadkoenigshofen-tischtennis.de\/index.php?rest_route=%2Fwp%2Fv2%2Ftags&post=13655"}],"curies":[{"name":"wp","href":"https:\/\/api.w.org\/{rel}","templated":true}]}}