{"id":13579,"date":"2025-10-09T16:10:00","date_gmt":"2025-10-09T14:10:00","guid":{"rendered":"https:\/\/www.tsvbadkoenigshofen-tischtennis.de\/?p=13579"},"modified":"2025-10-14T11:34:19","modified_gmt":"2025-10-14T09:34:19","slug":"drei-tsv-spieler-fuer-team-em-nominiert","status":"publish","type":"post","link":"https:\/\/www.tsvbadkoenigshofen-tischtennis.de\/?p=13579","title":{"rendered":"Drei TSV-Spieler f\u00fcr Team-EM nominiert"},"content":{"rendered":"<p style=\"font-weight: 400;\"><strong>Drei TSV-Spieler f\u00fcr Tischtennis-Team-EM nominiert: Bertelsmeier, Zeljko und Habesohn starten f\u00fcr ihre Nationalteams<\/strong><\/p>\n<p style=\"font-weight: 400;\"><strong>Gleich drei Spieler<\/strong>\u00a0unserer Bundesligamannschaft wurden f\u00fcr die Tischtennis-Europameisterschaft in\u00a0<strong>Zadar (Kroatien)<\/strong>\u00a0in ihre jeweiligen Nationalteams berufen.<\/p>\n<p style=\"font-weight: 400;\"><strong>Andre Bertelsmeier im deutschen EM-Aufgebot<\/strong><\/p>\n<p style=\"font-weight: 400;\">F\u00fcr Deutschland wird\u00a0<strong>Andre Bertelsmeier<\/strong>\u00a0an den Start gehen. Der 20-J\u00e4hrige geh\u00f6rt zu den f\u00fcnf Spielern, die\u00a0<strong>Bundestrainer J\u00f6rg Ro\u00dfkopf<\/strong>\u00a0f\u00fcr das Herren-Team nominiert hat. Neben ihm vertreten\u00a0<strong>Benedikt Duda<\/strong>\u00a0(Bergneustadt), der das Team erstmals als Nummer eins anf\u00fchrt,\u00a0<strong>Dang Qiu<\/strong>\u00a0(D\u00fcsseldorf),\u00a0<strong>Patrick Franziska<\/strong>\u00a0(Saarbr\u00fccken) und\u00a0<strong>Ricardo Walther<\/strong>\u00a0(Gr\u00fcnwettersbach) die deutschen Farben.<\/p>\n<figure id=\"attachment_13590\" aria-describedby=\"caption-attachment-13590\" style=\"width: 490px\" class=\"wp-caption alignnone\"><img loading=\"lazy\" decoding=\"async\" class=\" wp-image-13590\" src=\"https:\/\/www.tsvbadkoenigshofen-tischtennis.de\/wp-content\/uploads\/2025\/10\/Bildschirmfoto-2025-10-09-um-14.37.21-300x101.jpg\" alt=\"\" width=\"490\" height=\"165\" \/><figcaption id=\"caption-attachment-13590\" class=\"wp-caption-text\">Screenshot: www:\/\/Tischtennis.de<\/figcaption><\/figure>\n<p style=\"font-weight: 400;\">Auf den erfahrenen Leistungstr\u00e4ger\u00a0<strong>Dimitrij Ovtcharov (<\/strong>Fulda<strong>)<\/strong>\u00a0wird diesmal verzichtet \u2013 er erh\u00e4lt eine Erholungspause. DTTB-Sportvorstand\u00a0<strong>Richard Prause<\/strong>\u00a0betont:\u00a0<em>\u201eWir schenken Andre ganz bewusst unser Vertrauen \u2013 junge Spieler m\u00fcssen fr\u00fchzeitig Verantwortung \u00fcbernehmen.\u201c<\/em><\/p>\n<p style=\"font-weight: 400;\">Die EM gilt als\u00a0<strong>wichtiger Pr\u00fcfstein auf dem Weg zur Team-WM 2026 in London<\/strong>. Deutschland z\u00e4hlt mit neun Titeln zwar zu den Favoriten, doch Prause warnt:\u00a0<em>\u201eDie Konkurrenz ist st\u00e4rker denn je.\u201c<\/em>\u00a0Schweden, Frankreich, D\u00e4nemark und Gastgeber Kroatien verf\u00fcgen \u00fcber hochkar\u00e4tige Teams.<\/p>\n<p style=\"font-weight: 400;\">Der Modus: 24 Nationen k\u00e4mpfen um den Titel. Nach zwei Vorrundenspielen folgt ein K.-o.-System \u2013 insgesamt sind\u00a0<strong>sechs Siege<\/strong>\u00a0bis zum Europameistertitel notwendig. F\u00fcr Andre und das DTTB-Team ist das Ziel klar:\u00a0<strong>so weit wie m\u00f6glich kommen und um Medaillen mitspielen<\/strong>. In der Vorrundengruppe bekommt es Deutschland mit Serbien und der Ukraine <span>\u00a0<\/span>zu tun.<\/p>\n<p style=\"font-weight: 400;\">Andre beim traditionellen Medientag im DTTZ vor seinem ersten gro\u00dfen Team-Event mit der Nationalmannschaft im Interview:<\/p>\n<ul>\n<li><strong>Nach Ihrem EM-Deb\u00fct 2024 geh\u00f6ren Sie nun mit 19 Jahren bereits zum engen Kern der Herren-Nationalmannschaft. Hat Sie die Nominierung \u00fcberrascht?<\/strong><br \/>\n<em>\u201eIch habe nat\u00fcrlich gehofft, dass ich nominiert werde, aber ich habe es nicht unbedingt erwartet. Deswegen war ich vielleicht wirklich ein bisschen \u00fcberrascht \u2013 aber ich freue mich sehr \u00fcber das Vertrauen des Trainerteams und \u00fcber die Chance, im Team dabei sein zu d\u00fcrfen.\u201c<\/em><\/li>\n<li><strong>Welche pers\u00f6nlichen Erwartungen haben Sie an Ihre erste Team-EM?<\/strong><br \/>\n<em>\u201eIch m\u00f6chte m\u00f6glichst viel lernen, auch von den anderen Spielern in der Mannschaft. Es ist meine erste Team-EM, und ich will das Ganze erstmal auf mich zukommen lassen. Bisher kenne ich ja nur die Abl\u00e4ufe bei Jugend-Europameisterschaften \u2013 eine Herren-Team-EM ist sicher nochmal etwas ganz anderes. Ich freue mich einfach auf die Veranstaltung und m\u00f6chte jeden Moment dort genie\u00dfen.\u201c<\/em><\/li>\n<\/ul>\n<p style=\"font-weight: 400;\"><strong>Heimspiel f\u00fcr Filip Zeljko<\/strong><\/p>\n<p style=\"font-weight: 400;\">Ebenfalls in Zadar am Tisch stehen wird\u00a0<strong>Filip Zeljko<\/strong>, der f\u00fcr sein Heimatland\u00a0<strong>Kroatien<\/strong>\u00a0nominiert wurde. Zusammen mit\u00a0<strong>Tomislav Pucar<\/strong>\u00a0und\u00a0<strong>Andrej Gacina<\/strong>\u00a0geh\u00f6rt Filip zum festen Kern des kroatischen Teams \u2013 und darf sich auf ein echtes\u00a0<strong>Heimspiel<\/strong>\u00a0freuen.<\/p>\n<p style=\"font-weight: 400;\">Das kroatische Trio z\u00e4hlt zum erweiterten Favoritenkreis \u2013 nicht zuletzt wegen des Heimvorteils. In ihrer Vorrundengruppe sto\u00dfen sie auf Moldawien und pikanterweise auf \u00d6sterreich.<\/p>\n<p style=\"font-weight: 400;\"><strong>Habesohn f\u00fcr \u00d6sterreich im Einsatz<\/strong><\/p>\n<p style=\"font-weight: 400;\">F\u00fcr\u00a0<strong>\u00d6sterreich<\/strong>\u00a0wird\u00a0<strong>Daniel Habesohn<\/strong>\u00a0an der EM teilnehmen. Neben ihm stehen auch\u00a0<strong>Robert Gardos<\/strong>\u00a0und\u00a0<strong>Andreas Levenko (Ochsenhausen)<\/strong>\u00a0im Team Austria. In der Gruppenphase trifft \u00d6sterreich dabei unter anderem auf Kroatien \u2013 es k\u00f6nnte also zum direkten Aufeinandertreffen von Filip und Daniel in der Vorrunde kommen.<\/p>\n<p style=\"font-weight: 400;\"><strong>Wir dr\u00fccken die Daumen!<\/strong><\/p>\n<p style=\"font-weight: 400;\">Wir sind stolz, drei Spieler des TSV Bad K\u00f6nigshofen bei der Europameisterschaft vertreten zu sehen \u2013 ein starkes Zeichen f\u00fcr die Qualit\u00e4t unseres Kaders.<\/p>\n<p style=\"font-weight: 400;\"><strong>Wir w\u00fcnschen Andre, Filip und Daniel viel Erfolg bei der Team EM<\/strong><\/p>\n<p style=\"font-weight: 400;\"><strong>\u00a0<\/strong><\/p>\n<p style=\"font-weight: 400;\"><span style=\"text-decoration: underline;\"><strong>Die Gruppen:<\/strong><\/span><\/p>\n<p><img loading=\"lazy\" decoding=\"async\" class=\"alignnone wp-image-13587\" src=\"https:\/\/www.tsvbadkoenigshofen-tischtennis.de\/wp-content\/uploads\/2025\/10\/Bildschirmfoto-2025-10-09-um-14.17.08-1-300x147.png\" alt=\"\" width=\"463\" height=\"227\" srcset=\"https:\/\/www.tsvbadkoenigshofen-tischtennis.de\/wp-content\/uploads\/2025\/10\/Bildschirmfoto-2025-10-09-um-14.17.08-1-300x147.png 300w, https:\/\/www.tsvbadkoenigshofen-tischtennis.de\/wp-content\/uploads\/2025\/10\/Bildschirmfoto-2025-10-09-um-14.17.08-1-1024x501.png 1024w, https:\/\/www.tsvbadkoenigshofen-tischtennis.de\/wp-content\/uploads\/2025\/10\/Bildschirmfoto-2025-10-09-um-14.17.08-1-600x294.png 600w\" sizes=\"auto, (max-width: 463px) 100vw, 463px\" \/><\/p>\n<p style=\"font-weight: 400;\"><strong><u>Der Zeitplan mit Beteiligung unserer TSV-Spieler:<\/u><\/strong><\/p>\n<p>Alle E;-Spiele zeigt die ETTU kostenlos auf ETTU.TV: \u00a0 \u00a0 \u00a0<a href=\"https:\/\/www.ettu.tv\/home\">https:\/\/www.ettu.tv\/home<\/a><\/p>\n<p style=\"font-weight: 400;\">Sonntag, 12.10.2025<span>\u00a0 <\/span>16:00 Uhr<span>\u00a0\u00a0\u00a0\u00a0\u00a0\u00a0 <\/span>Tisch 1<span>\u00a0\u00a0\u00a0\u00a0\u00a0\u00a0\u00a0\u00a0\u00a0\u00a0\u00a0 <\/span>Kroatien<span>\u00a0\u00a0 <\/span><span>\u00a0\u00a0\u00a0\u00a0<\/span>&#8211;<span>\u00a0\u00a0 <\/span>Moldawien \u00a0 \u00a0 \u00a0 \u00a0 <span style=\"color: #1364cf; font-size: 18pt;\"><strong>3:2<\/strong><\/span><\/p>\n<p style=\"font-weight: 400;\">Sonntag, 12.10.2025 <span>\u00a0\u00a0<\/span>19:00 Uhr<span>\u00a0\u00a0\u00a0\u00a0\u00a0\u00a0 <\/span>Tisch 4<span>\u00a0\u00a0\u00a0\u00a0\u00a0\u00a0\u00a0\u00a0\u00a0\u00a0\u00a0 <\/span>Deutschland &#8211; <span>\u00a0\u00a0<\/span>Ukraine \u00a0 \u00a0 \u00a0 \u00a0 \u00a0 \u00a0<strong> <span style=\"font-size: 18pt; color: #1364cf;\">3:0<\/span><\/strong><\/p>\n<p style=\"font-weight: 400;\">Montag, 13.10.2025<span>\u00a0 <\/span>16:00 Uhr<span>\u00a0\u00a0\u00a0\u00a0\u00a0\u00a0 <\/span>Tisch 3<span>\u00a0\u00a0\u00a0\u00a0\u00a0\u00a0\u00a0\u00a0\u00a0\u00a0\u00a0 <\/span>Deutschland &#8211; <span>\u00a0 <\/span>Serbien<span>\u00a0 \u00a0 \u00a0 \u00a0 \u00a0 \u00a0 \u00a0 \u00a0<span style=\"color: #1364cf; font-size: 18pt;\"><strong>3:0<\/strong><\/span><\/span><\/p>\n<p style=\"font-weight: 400;\">Montag, 13.10.2025<span>\u00a0\u00a0 <\/span>19:00 Uhr<span>\u00a0\u00a0\u00a0\u00a0\u00a0\u00a0 <\/span>Tisch 3<span>\u00a0\u00a0\u00a0\u00a0\u00a0\u00a0\u00a0\u00a0\u00a0\u00a0\u00a0 <\/span>Kroatien <span>\u00a0\u00a0\u00a0<\/span><span>\u00a0\u00a0\u00a0<\/span>&#8211; <span>\u00a0 <\/span>\u00d6sterreich<span>\u00a0 \u00a0 \u00a0 \u00a0 \u00a0<span style=\"color: #1364cf;\"><strong><span style=\"font-size: 18pt;\"> 3:1<\/span><\/strong><\/span><\/span><\/p>\n<p style=\"font-weight: 400;\">Dienstag, 14.10.2025 19:00 Uhr<span>\u00a0\u00a0\u00a0\u00a0\u00a0\u00a0 <\/span>Tisch 1<span>\u00a0\u00a0\u00a0\u00a0\u00a0\u00a0\u00a0\u00a0\u00a0\u00a0\u00a0 <\/span>\u00d6sterreich <span>\u00a0\u00a0\u00a0<\/span>&#8211;<span>\u00a0\u00a0\u00a0 <\/span>Moldawien<\/p>\n","protected":false},"excerpt":{"rendered":"<p>Drei TSV-Spieler f\u00fcr Tischtennis-Team-EM nominiert: Bertelsmeier, Zeljko und Habesohn starten f\u00fcr ihre Nationalteams Gleich drei Spieler\u00a0unserer Bundesligamannschaft wurden f\u00fcr die Tischtennis-Europameisterschaft in\u00a0Zadar (Kroatien)\u00a0in ihre jeweiligen Nationalteams berufen. Andre Bertelsmeier im deutschen EM-Aufgebot F\u00fcr Deutschland wird\u00a0Andre Bertelsmeier\u00a0an den Start gehen. Der 20-J\u00e4hrige geh\u00f6rt zu den f\u00fcnf Spielern, die\u00a0Bundestrainer J\u00f6rg Ro\u00dfkopf\u00a0f\u00fcr das Herren-Team nominiert hat. Neben ihm&#8230;<\/p>\n","protected":false},"author":5,"featured_media":13597,"comment_status":"open","ping_status":"open","sticky":false,"template":"","format":"standard","meta":{"_acf_changed":false,"footnotes":""},"categories":[54,28],"tags":[],"class_list":["post-13579","post","type-post","status-publish","format-standard","has-post-thumbnail","hentry","category-international-turniere","category-ttbl"],"acf":[],"_links":{"self":[{"href":"https:\/\/www.tsvbadkoenigshofen-tischtennis.de\/index.php?rest_route=\/wp\/v2\/posts\/13579","targetHints":{"allow":["GET"]}}],"collection":[{"href":"https:\/\/www.tsvbadkoenigshofen-tischtennis.de\/index.php?rest_route=\/wp\/v2\/posts"}],"about":[{"href":"https:\/\/www.tsvbadkoenigshofen-tischtennis.de\/index.php?rest_route=\/wp\/v2\/types\/post"}],"author":[{"embeddable":true,"href":"https:\/\/www.tsvbadkoenigshofen-tischtennis.de\/index.php?rest_route=\/wp\/v2\/users\/5"}],"replies":[{"embeddable":true,"href":"https:\/\/www.tsvbadkoenigshofen-tischtennis.de\/index.php?rest_route=%2Fwp%2Fv2%2Fcomments&post=13579"}],"version-history":[{"count":9,"href":"https:\/\/www.tsvbadkoenigshofen-tischtennis.de\/index.php?rest_route=\/wp\/v2\/posts\/13579\/revisions"}],"predecessor-version":[{"id":13630,"href":"https:\/\/www.tsvbadkoenigshofen-tischtennis.de\/index.php?rest_route=\/wp\/v2\/posts\/13579\/revisions\/13630"}],"wp:featuredmedia":[{"embeddable":true,"href":"https:\/\/www.tsvbadkoenigshofen-tischtennis.de\/index.php?rest_route=\/wp\/v2\/media\/13597"}],"wp:attachment":[{"href":"https:\/\/www.tsvbadkoenigshofen-tischtennis.de\/index.php?rest_route=%2Fwp%2Fv2%2Fmedia&parent=13579"}],"wp:term":[{"taxonomy":"category","embeddable":true,"href":"https:\/\/www.tsvbadkoenigshofen-tischtennis.de\/index.php?rest_route=%2Fwp%2Fv2%2Fcategories&post=13579"},{"taxonomy":"post_tag","embeddable":true,"href":"https:\/\/www.tsvbadkoenigshofen-tischtennis.de\/index.php?rest_route=%2Fwp%2Fv2%2Ftags&post=13579"}],"curies":[{"name":"wp","href":"https:\/\/api.w.org\/{rel}","templated":true}]}}