{"id":13256,"date":"2025-09-14T16:57:20","date_gmt":"2025-09-14T14:57:20","guid":{"rendered":"https:\/\/www.tsvbadkoenigshofen-tischtennis.de\/?p=13256"},"modified":"2025-11-25T14:32:22","modified_gmt":"2025-11-25T13:32:22","slug":"3-bundesligaspieltag-unser-tsv-bei-ttc-rhoensprudel-fulda-im-bild-daniel-habesohn","status":"publish","type":"post","link":"https:\/\/www.tsvbadkoenigshofen-tischtennis.de\/?p=13256","title":{"rendered":"3. Bundesligaspieltag: Unser TSV bei TTC Rh\u00f6nsprudel Fulda (Im Bild Daniel Habesohn)"},"content":{"rendered":"<p data-start=\"130\" data-end=\"171\"><strong data-start=\"130\" data-end=\"171\">Hohe Ausw\u00e4rtsh\u00fcrde: Derby in Fulda<\/strong><\/p>\n<p data-start=\"173\" data-end=\"421\">Nach dem Heimspiel gegen Saarbr\u00fccken und vor den beiden kommenden Heim-Krachern gegen D\u00fcsseldorf \u2013 sowohl im Pokal als auch in der Meisterschaft \u2013 wartet nun die n\u00e4chste gro\u00dfe Ausw\u00e4rtspr\u00fcfung auf uns: das Derby beim TTC Rh\u00f6nSprudel Fulda-Maberzell.<\/p>\n<p data-start=\"423\" data-end=\"450\"><strong data-start=\"423\" data-end=\"450\">Fulda als Titelanw\u00e4rter<\/strong><\/p>\n<p data-start=\"452\" data-end=\"917\">Fulda z\u00e4hlt in dieser Saison \u2013 gemeinsam mit Saarbr\u00fccken und D\u00fcsseldorf \u2013 ganz klar zu den Favoriten auf den Meistertitel. Ein Blick auf den Kader gen\u00fcgt, um das zu verstehen: Mit dem D\u00e4nen Jonathan Groth (Nr. 24 der Weltrangliste), dem Taiwanesen Kao Cheng-Jui (Nr. 30) und Altstar und ehemaligen Weltranglistenersten Dimitrij Ovtcharov (Nr. 31) verf\u00fcgt Fulda \u00fcber ein Weltklasse-Trio, das an einem guten Tag jeden Gegner schlagen kann \u2013 selbst die beiden Topfavoriten aus Saarbr\u00fccken und D\u00fcsseldorf.<\/p>\n<p data-start=\"919\" data-end=\"959\"><strong data-start=\"919\" data-end=\"959\">Neuer Playoff-Modus: Das prim\u00e4re Ziel f\u00fcr Hauptrunde ist ein Platz unter den Top 4<\/strong><\/p>\n<p data-start=\"961\" data-end=\"1332\">Besonders brisant wird das Ganze durch den neuen Playoff-Modus: Die Halbfinals werden nicht mehr wie fr\u00fcher im Best-of-Three-Format ausgetragen, sondern an nur einem einzigen Finaltag in der S\u00fcwag Arena in Frankfurt. Der Fokus liegt also prim\u00e4r darauf, sich einen Platz unter den Top Vier der Hauptrunde zu sichern \u2013 und Fulda scheint dort neben Saarbr\u00fccken und D\u00fcsseldorf fest eingeplant.<\/p>\n<p data-start=\"1334\" data-end=\"1374\"><strong data-start=\"1334\" data-end=\"1374\">TTC Fulda: Fan Bo Meng und Ruwen Filus sind mehr als nur Ersatzleute f\u00fcr die Top3<\/strong><\/p>\n<p data-start=\"1376\" data-end=\"1794\">Auch auf den Positionen 4 und 5 \u00a0ist Fulda stark besetzt: Spieler wie Fan Bo Meng oder Ruwen Filus erh\u00f6hen die Variabilit\u00e4t in der Aufstellung. Es bleibt spannend, mit welchem Trio \u00a0Fulda am Montag antreten wird. Interessant in diesem Zusammenhang: Jonathan Groth und Kao Cheng-Jui waren letzte Woche beim WTT Champions im chinesischen Macao im Einsatz \u2013 einem Turnier, zu dem nur die 32 besten Spieler der Welt eingeladen werden.<\/p>\n<p data-start=\"1796\" data-end=\"2120\">Kao unterlag dort dem Weltranglistenersten Lin Shidong mit 0:3, w\u00e4hrend Groth zun\u00e4chst den Japaner Hiroto Shinozuka (Gr\u00fcnwettersbach) mit 3:1 besiegte und erst im Achtelfinale am sp\u00e4teren Turniersieger Wang Chuqin scheiterte. Ob beide oder nur einer von ihnen am Montag in der Bundesliga aufschlagen wird, bleibt abzuwarten.<\/p>\n<hr data-start=\"2122\" data-end=\"2125\" \/>\n<p data-start=\"2127\" data-end=\"2176\"><strong data-start=\"2127\" data-end=\"2176\">Unsere bisherige Bilanz nach zwei Spieltagen: Null Punkte<\/strong><\/p>\n<p data-start=\"2178\" data-end=\"2395\">Nach zwei Spieltagen stehen wir noch ohne Z\u00e4hler da. \u00a0Zum Saisonauftakt mussten wir uns ausw\u00e4rts in Grenzau mit 1:3 geschlagen geben \u2013 eine Niederlage, die durchaus entt\u00e4uschend war (Grenzau trat ohne ihren Nummer eins Feng Yi-Hsin an)<\/p>\n<p data-start=\"2397\" data-end=\"2669\">Das Heimspiel gegen den gro\u00dfen Favoriten aus Saarbr\u00fccken ging ebenfalls mit 1:3 verloren. Doch trotz identischem Ergebnis war dieser Auftritt deutlich mutiger und couragierter. Gegen ein absolutes Weltklasseteam wie Saarbr\u00fccken war am Ende sogar mehr drin, als das Resultat es vermuten l\u00e4sst.<\/p>\n<p data-start=\"2671\" data-end=\"3012\">Daniel Habesohn bezwang Eduard Ionescu, und Andr\u00e9 Bertelsmeier zeigte starke Leistungen gegen Patrick Franziska sowie anschlie\u00dfend gegen Fan Zhendong \u2013 ein klarer Beleg daf\u00fcr, warum er als gro\u00dfe Nachwuchshoffnung im deutschen Tischtennis gilt. Auch Filip Zeljko gelang es, Superstar Fan Zhendong in der shakehandsArena einen Satz abzunehmen.<\/p>\n<p data-start=\"3014\" data-end=\"3070\"><strong data-start=\"3014\" data-end=\"3070\">Fuldas Saisonstart: Ein Ausrufezeichen gegen den BVB<\/strong><\/p>\n<p data-start=\"3072\" data-end=\"3322\">Fulda startete mit einer klaren 0:3-Niederlage gegen Borussia D\u00fcsseldorf in die Saison. Am zweiten Spieltag folgte jedoch ein starkes Ausrufezeichen: Ein 3:2-Ausw\u00e4rtssieg gegen einen in Bestbesetzung angetretenen BVB unterstrich die Qualit\u00e4t der Hessen.<\/p>\n<hr data-start=\"3324\" data-end=\"3327\" \/>\n<p data-start=\"3329\" data-end=\"3374\"><strong data-start=\"3329\" data-end=\"3374\">K\u00fcr oder Pflicht? Unser Fokus bleibt klar<\/strong><\/p>\n<p data-start=\"3376\" data-end=\"3698\">Die Partie gegen Fulda f\u00e4llt f\u00fcr uns klar in die Kategorie \u201eK\u00fcr\u201c. Wir gehen als Au\u00dfenseiter ins Spiel \u2013 keine Frage bei der individuellen Klasse des Gegners. Doch auch dieses Spiel muss erst einmal gespielt werden. Und wir haben gegen Saarbr\u00fccken bereits gezeigt, dass wir an guten Tagen auch mit Weltklassemannschaften mithalten k\u00f6nnen.<\/p>\n<p data-start=\"3700\" data-end=\"3867\">Unser Team \u2013 bestehend aus Andr\u00e9 Bertelsmeier, Bastian Steger, Filip Zeljko und Daniel Habesohn und Headcoach Koji Itagaki \u2013 wird alles geben, um vielleicht doch f\u00fcr eine \u00dcberraschung zu sorgen.<\/p>\n<hr data-start=\"3869\" data-end=\"3872\" \/>\n<p data-start=\"3874\" data-end=\"3889\"><strong data-start=\"3874\" data-end=\"3889\">Spieltermin<\/strong><\/p>\n<p data-start=\"3891\" data-end=\"3967\"><strong data-start=\"3894\" data-end=\"3919\">Montag, 15. September<\/strong><br data-start=\"3919\" data-end=\"3922\" \/><strong data-start=\"3925\" data-end=\"3938\">19:00 Uhr<\/strong><br data-start=\"3938\" data-end=\"3941\" \/><strong data-start=\"3944\" data-end=\"3967\">Hubtex-Arena, Fulda<\/strong><\/p>\n<hr data-start=\"3969\" data-end=\"3972\" \/>\n<p data-start=\"3974\" data-end=\"4006\"><strong data-start=\"3974\" data-end=\"4006\">Weitere Spiele des Spieltags<\/strong><\/p>\n<ul data-start=\"4008\" data-end=\"4334\">\n<li data-start=\"4008\" data-end=\"4078\">\n<p data-start=\"4010\" data-end=\"4078\"><strong data-start=\"4010\" data-end=\"4030\">Sonntag, 14.09.:<\/strong> 1. FC Saarbr\u00fccken \u2013 Borussia Dortmund <strong data-start=\"4069\" data-end=\"4076\">3:0<\/strong><\/p>\n<\/li>\n<li data-start=\"4079\" data-end=\"4134\">\n<p data-start=\"4081\" data-end=\"4134\"><strong data-start=\"4081\" data-end=\"4101\">Sonntag, 14.09.:<\/strong> TTC Ochsenhausen \u2013 TTC Grenzau<\/p>\n<\/li>\n<li data-start=\"4135\" data-end=\"4202\">\n<p data-start=\"4137\" data-end=\"4202\"><strong data-start=\"4137\" data-end=\"4158\">Dienstag, 16.09.:<\/strong> ASV Gr\u00fcnwettersbach \u2013 Borussia D\u00fcsseldorf<\/p>\n<\/li>\n<li data-start=\"4203\" data-end=\"4270\">\n<p data-start=\"4205\" data-end=\"4270\"><strong data-start=\"4205\" data-end=\"4226\">Mittwoch, 17.09.:<\/strong> Werder Bremen \u2013 TTC Schwalbe Bergneustadt<\/p>\n<\/li>\n<li data-start=\"4271\" data-end=\"4334\">\n<p data-start=\"4273\" data-end=\"4334\"><strong data-start=\"4273\" data-end=\"4294\">Mittwoch, 17.09.:<\/strong> Post SV M\u00fchlhausen \u2013 TTC OE Bad Homburg<\/p>\n<\/li>\n<\/ul>\n","protected":false},"excerpt":{"rendered":"<p>Hohe Ausw\u00e4rtsh\u00fcrde: Derby in Fulda Nach dem Heimspiel gegen Saarbr\u00fccken und vor den beiden kommenden Heim-Krachern gegen D\u00fcsseldorf \u2013 sowohl im Pokal als auch in der Meisterschaft \u2013 wartet nun die n\u00e4chste gro\u00dfe Ausw\u00e4rtspr\u00fcfung auf uns: das Derby beim TTC Rh\u00f6nSprudel Fulda-Maberzell. Fulda als Titelanw\u00e4rter Fulda z\u00e4hlt in dieser Saison \u2013 gemeinsam mit Saarbr\u00fccken und&#8230;<\/p>\n","protected":false},"author":5,"featured_media":13177,"comment_status":"open","ping_status":"open","sticky":false,"template":"","format":"standard","meta":{"_acf_changed":false,"footnotes":""},"categories":[28],"tags":[],"class_list":["post-13256","post","type-post","status-publish","format-standard","has-post-thumbnail","hentry","category-ttbl"],"acf":[],"_links":{"self":[{"href":"https:\/\/www.tsvbadkoenigshofen-tischtennis.de\/index.php?rest_route=\/wp\/v2\/posts\/13256","targetHints":{"allow":["GET"]}}],"collection":[{"href":"https:\/\/www.tsvbadkoenigshofen-tischtennis.de\/index.php?rest_route=\/wp\/v2\/posts"}],"about":[{"href":"https:\/\/www.tsvbadkoenigshofen-tischtennis.de\/index.php?rest_route=\/wp\/v2\/types\/post"}],"author":[{"embeddable":true,"href":"https:\/\/www.tsvbadkoenigshofen-tischtennis.de\/index.php?rest_route=\/wp\/v2\/users\/5"}],"replies":[{"embeddable":true,"href":"https:\/\/www.tsvbadkoenigshofen-tischtennis.de\/index.php?rest_route=%2Fwp%2Fv2%2Fcomments&post=13256"}],"version-history":[{"count":6,"href":"https:\/\/www.tsvbadkoenigshofen-tischtennis.de\/index.php?rest_route=\/wp\/v2\/posts\/13256\/revisions"}],"predecessor-version":[{"id":13262,"href":"https:\/\/www.tsvbadkoenigshofen-tischtennis.de\/index.php?rest_route=\/wp\/v2\/posts\/13256\/revisions\/13262"}],"wp:featuredmedia":[{"embeddable":true,"href":"https:\/\/www.tsvbadkoenigshofen-tischtennis.de\/index.php?rest_route=\/wp\/v2\/media\/13177"}],"wp:attachment":[{"href":"https:\/\/www.tsvbadkoenigshofen-tischtennis.de\/index.php?rest_route=%2Fwp%2Fv2%2Fmedia&parent=13256"}],"wp:term":[{"taxonomy":"category","embeddable":true,"href":"https:\/\/www.tsvbadkoenigshofen-tischtennis.de\/index.php?rest_route=%2Fwp%2Fv2%2Fcategories&post=13256"},{"taxonomy":"post_tag","embeddable":true,"href":"https:\/\/www.tsvbadkoenigshofen-tischtennis.de\/index.php?rest_route=%2Fwp%2Fv2%2Ftags&post=13256"}],"curies":[{"name":"wp","href":"https:\/\/api.w.org\/{rel}","templated":true}]}}