{"id":13241,"date":"2025-09-11T21:40:41","date_gmt":"2025-09-11T19:40:41","guid":{"rendered":"https:\/\/www.tsvbadkoenigshofen-tischtennis.de\/?p=13241"},"modified":"2025-11-25T14:34:45","modified_gmt":"2025-11-25T13:34:45","slug":"kilian-ort-wird-headcoach-beim-asc","status":"publish","type":"post","link":"https:\/\/www.tsvbadkoenigshofen-tischtennis.de\/?p=13241","title":{"rendered":"Kilian Ort wird Headcoach beim  ASC"},"content":{"rendered":"<h3 data-start=\"222\" data-end=\"317\"><strong data-start=\"226\" data-end=\"317\">Kilian Ort neuer Coach beim Ligakonkurrenten ASC Gr\u00fcnwettersbach<\/strong><\/h3>\n<p data-start=\"319\" data-end=\"664\">Jetzt ist es offiziell: Das Motto <strong data-start=\"353\" data-end=\"397\">\u201eEinmal K\u00f6nigsh\u00f6fer \u2013 immer K\u00f6nigsh\u00f6fer\u201c<\/strong> gilt f\u00fcr Kilian Ort offenbar nur f\u00fcr seine aktive Laufbahn. Nach der \u00fcberraschenden Trennung des ASC Gr\u00fcnwettersbach von Trainer Achim Kr\u00e4mer wurde heute bekannt gegeben, dass ebenso \u00fcberraschend <strong data-start=\"574\" data-end=\"613\">Kilian Ort dessen Nachfolge antritt<\/strong> \u2013 informiert hatte Kilian seinen Mentor und TSV-Manager Andy Albert von diesem Schritt bereits wenige Tage vor Bekanntgabe.<\/p>\n<p data-start=\"666\" data-end=\"934\">Der 29-J\u00e4hrige geb\u00fcrtige Bad K\u00f6nigshofener, der verletzungsbedingt erst vor Kurzem seine Karriere beenden musste, \u00fcbernimmt damit erstmals eine Trainerrolle \u2013 und bleibt dem Tischtennissport somit erhalten, wenn auch in neuer Funktion <strong data-start=\"873\" data-end=\"932\">und erstmals nicht im Trikot seines TSV Bad K\u00f6nigshofen<\/strong>.<\/p>\n<p data-start=\"666\" data-end=\"934\">Kilian Ort in einem ersten Statement auf der Seite des ASC:<\/p>\n<p data-start=\"666\" data-end=\"934\">&#8222;<em>Ich f\u00fchle mich geehrt, die 1. Mannschaft des ASC ab dem Pokalspiel in Fulda (Anm.: Freitag, 19.09.25 19:30 Uhr) betreuen zu d\u00fcrfen. Gemeinsam mit den enthusiastischen ASC-Fans ist es mein Ziel, eine Atmosph\u00e4re zu kreieren, die das Maximum aus allen Spielern herausholt.<\/em>&#8222;<\/p>\n<p data-start=\"936\" data-end=\"1184\">Bereits am <strong data-start=\"947\" data-end=\"975\">05. Oktober um 15:30 Uhr<\/strong> kommt es zum schnellen Wiedersehen: Am \u00fcbern\u00e4chsten Bundesliga-Spieltag gastieren wir in Karlsruhe beim ASC. Das R\u00fcckspiel in der shakehandsArena ist f\u00fcr <strong data-start=\"1130\" data-end=\"1173\">Sonntag, den 29. M\u00e4rz 2026 um 14:00 Uhr<\/strong> angesetzt.<\/p>\n<p data-start=\"1186\" data-end=\"1656\">Gr\u00fcnwettersbach hat sich f\u00fcr diese Saison viel vorgenommen: Mit dem japanischen Doppelweltmeister von 2025, <strong data-start=\"1294\" data-end=\"1314\">Hiroto Shinozuka<\/strong>, sowie den erfahrenen Bundesligaspielern <strong data-start=\"1356\" data-end=\"1375\">Ricardo Walther<\/strong> und <strong data-start=\"1380\" data-end=\"1398\">Tiago Apolonia<\/strong> hat der ASC ein schlagkr\u00e4ftiges Team beisammen, dem durchaus Playoff-Chancen einger\u00e4umt werden. Auch international ist der Club ambitioniert: Nach drei souver\u00e4nen Siegen in der Vorrunde steht Gr\u00fcnwettersbach bereits im <strong data-start=\"1618\" data-end=\"1655\">Achtelfinale der Champions League<\/strong>.<\/p>\n<p data-start=\"1658\" data-end=\"1800\">Wir w\u00fcnschen <strong data-start=\"1671\" data-end=\"1685\">Kilian Ort<\/strong> f\u00fcr seine neue Aufgabe \u2013 <strong data-start=\"1711\" data-end=\"1760\">abgesehen von den beiden Duellen gegen uns \ud83d\ude42 \u00a0<\/strong><span> &#8212; <\/span>nat\u00fcrlich alles Gute und viel Erfolg!<\/p>\n","protected":false},"excerpt":{"rendered":"<p>Kilian Ort neuer Coach beim Ligakonkurrenten ASC Gr\u00fcnwettersbach Jetzt ist es offiziell: Das Motto \u201eEinmal K\u00f6nigsh\u00f6fer \u2013 immer K\u00f6nigsh\u00f6fer\u201c gilt f\u00fcr Kilian Ort offenbar nur f\u00fcr seine aktive Laufbahn. Nach der \u00fcberraschenden Trennung des ASC Gr\u00fcnwettersbach von Trainer Achim Kr\u00e4mer wurde heute bekannt gegeben, dass ebenso \u00fcberraschend Kilian Ort dessen Nachfolge antritt \u2013 informiert hatte&#8230;<\/p>\n","protected":false},"author":5,"featured_media":13243,"comment_status":"open","ping_status":"open","sticky":false,"template":"","format":"standard","meta":{"_acf_changed":false,"footnotes":""},"categories":[28],"tags":[],"class_list":["post-13241","post","type-post","status-publish","format-standard","has-post-thumbnail","hentry","category-ttbl"],"acf":[],"_links":{"self":[{"href":"https:\/\/www.tsvbadkoenigshofen-tischtennis.de\/index.php?rest_route=\/wp\/v2\/posts\/13241","targetHints":{"allow":["GET"]}}],"collection":[{"href":"https:\/\/www.tsvbadkoenigshofen-tischtennis.de\/index.php?rest_route=\/wp\/v2\/posts"}],"about":[{"href":"https:\/\/www.tsvbadkoenigshofen-tischtennis.de\/index.php?rest_route=\/wp\/v2\/types\/post"}],"author":[{"embeddable":true,"href":"https:\/\/www.tsvbadkoenigshofen-tischtennis.de\/index.php?rest_route=\/wp\/v2\/users\/5"}],"replies":[{"embeddable":true,"href":"https:\/\/www.tsvbadkoenigshofen-tischtennis.de\/index.php?rest_route=%2Fwp%2Fv2%2Fcomments&post=13241"}],"version-history":[{"count":8,"href":"https:\/\/www.tsvbadkoenigshofen-tischtennis.de\/index.php?rest_route=\/wp\/v2\/posts\/13241\/revisions"}],"predecessor-version":[{"id":13255,"href":"https:\/\/www.tsvbadkoenigshofen-tischtennis.de\/index.php?rest_route=\/wp\/v2\/posts\/13241\/revisions\/13255"}],"wp:featuredmedia":[{"embeddable":true,"href":"https:\/\/www.tsvbadkoenigshofen-tischtennis.de\/index.php?rest_route=\/wp\/v2\/media\/13243"}],"wp:attachment":[{"href":"https:\/\/www.tsvbadkoenigshofen-tischtennis.de\/index.php?rest_route=%2Fwp%2Fv2%2Fmedia&parent=13241"}],"wp:term":[{"taxonomy":"category","embeddable":true,"href":"https:\/\/www.tsvbadkoenigshofen-tischtennis.de\/index.php?rest_route=%2Fwp%2Fv2%2Fcategories&post=13241"},{"taxonomy":"post_tag","embeddable":true,"href":"https:\/\/www.tsvbadkoenigshofen-tischtennis.de\/index.php?rest_route=%2Fwp%2Fv2%2Ftags&post=13241"}],"curies":[{"name":"wp","href":"https:\/\/api.w.org\/{rel}","templated":true}]}}