{"id":12308,"date":"2025-05-17T18:59:48","date_gmt":"2025-05-17T16:59:48","guid":{"rendered":"https:\/\/www.tsvbadkoenigshofen-tischtennis.de\/?p=12308"},"modified":"2025-05-17T19:09:23","modified_gmt":"2025-05-17T17:09:23","slug":"wm-in-katar-tsv-bad-koenigshofen-ist-vertreten","status":"publish","type":"post","link":"https:\/\/www.tsvbadkoenigshofen-tischtennis.de\/?p=12308","title":{"rendered":"WM in Katar &#8211; TSV Bad K\u00f6nigshofen ist vertreten"},"content":{"rendered":"<p style=\"font-weight: 400;\"><strong>Das wichtigste Turnier des Jahres: Weltmeisterschaften in Doha<\/strong><\/p>\n<p style=\"font-weight: 400;\">Vom 17. bis 25. Mai finden in Katar die Tischtennis-Weltmeisterschaften 2025 statt \u2013 das bedeutendste Turnier des Jahres. Die Weltelite des Sports trifft sich im W\u00fcstenstaat, um die Weltmeistertitel in den Kategorien Einzel, Doppel und Mixed auszuspielen.<\/p>\n<p style=\"font-weight: 400;\">Aus Sicht des TSV gehen Filip Zeljko und Martin Allegro an den Start. Letzterer wird den Verein zum 1. Juli in Richtung Grenzau verlassen. Ebenfalls mit dabei ist unser Neuzugang f\u00fcr die kommende Saison, Daniel Habesohn aus \u00d6sterreich, der derzeit noch f\u00fcr den Post SV M\u00fchlhausen spielt.<\/p>\n<p style=\"font-weight: 400;\">Nicht im Aufgebot, aber in der Vorwoche mit starken Leistungen bei der U21-Europameisterschaft, ist \u00fcbrigens unser weiterer Neuzugang Andr\u00e9 Bertelsmeier (aktuell noch beim 1. FC K\u00f6ln). Er gewann Bronze im Einzel sowie Silber im Doppel \u2013 gemeinsam mit Tiago Abiodun.<\/p>\n<p style=\"font-weight: 400;\">Filip Zeljko tritt in Doha ausschlie\u00dflich im Einzel an. Martin Allegro und Daniel Habesohn sind sowohl im Einzel als auch im Doppel vertreten.<\/p>\n<p style=\"font-weight: 400;\">Die Auslosung im Einzel verlief f\u00fcr Filip und Daniel wenig gl\u00fccklich: Filip trifft bereits in der ersten Runde auf den Weltranglistenzehnten Dang Qiu (Borussia D\u00fcsseldorf). Daniel bekommt es mit dem ehemaligen Weltranglistenersten Dimitrij Ovtcharov (TTC Fulda) zu tun. Etwas mehr Gl\u00fcck hatte Martin Allegro, der am Sonntag gegen Sultan Al Kuwari antreten wird \u2013 einen 16-j\u00e4hrigen Lokalmatador, der nur dank einer Wildcard ins 128er-Hauptfeld aufgenommen wurde. Kuwari belegt aktuell Rang 405 der Weltrangliste.<\/p>\n<p style=\"font-weight: 400;\">Im Doppel kommt es zu einem interessanten Duell: Martin Allegro als unser ausgemachter Doppelspezialist der letzten Jahre tritt mit seinem belgischen Partner Adrien Rassenfosse gegen Daniel Habesohn und Robert Gardos an.<\/p>\n<p style=\"font-weight: 400;\">\n","protected":false},"excerpt":{"rendered":"<p>Das wichtigste Turnier des Jahres: Weltmeisterschaften in Doha Vom 17. bis 25. Mai finden in Katar die Tischtennis-Weltmeisterschaften 2025 statt \u2013 das bedeutendste Turnier des Jahres. Die Weltelite des Sports trifft sich im W\u00fcstenstaat, um die Weltmeistertitel in den Kategorien Einzel, Doppel und Mixed auszuspielen. Aus Sicht des TSV gehen Filip Zeljko und Martin Allegro&#8230;<\/p>\n","protected":false},"author":5,"featured_media":12310,"comment_status":"open","ping_status":"open","sticky":false,"template":"","format":"standard","meta":{"_acf_changed":false,"footnotes":""},"categories":[28],"tags":[],"class_list":["post-12308","post","type-post","status-publish","format-standard","has-post-thumbnail","hentry","category-ttbl"],"acf":[],"_links":{"self":[{"href":"https:\/\/www.tsvbadkoenigshofen-tischtennis.de\/index.php?rest_route=\/wp\/v2\/posts\/12308","targetHints":{"allow":["GET"]}}],"collection":[{"href":"https:\/\/www.tsvbadkoenigshofen-tischtennis.de\/index.php?rest_route=\/wp\/v2\/posts"}],"about":[{"href":"https:\/\/www.tsvbadkoenigshofen-tischtennis.de\/index.php?rest_route=\/wp\/v2\/types\/post"}],"author":[{"embeddable":true,"href":"https:\/\/www.tsvbadkoenigshofen-tischtennis.de\/index.php?rest_route=\/wp\/v2\/users\/5"}],"replies":[{"embeddable":true,"href":"https:\/\/www.tsvbadkoenigshofen-tischtennis.de\/index.php?rest_route=%2Fwp%2Fv2%2Fcomments&post=12308"}],"version-history":[{"count":1,"href":"https:\/\/www.tsvbadkoenigshofen-tischtennis.de\/index.php?rest_route=\/wp\/v2\/posts\/12308\/revisions"}],"predecessor-version":[{"id":12309,"href":"https:\/\/www.tsvbadkoenigshofen-tischtennis.de\/index.php?rest_route=\/wp\/v2\/posts\/12308\/revisions\/12309"}],"wp:featuredmedia":[{"embeddable":true,"href":"https:\/\/www.tsvbadkoenigshofen-tischtennis.de\/index.php?rest_route=\/wp\/v2\/media\/12310"}],"wp:attachment":[{"href":"https:\/\/www.tsvbadkoenigshofen-tischtennis.de\/index.php?rest_route=%2Fwp%2Fv2%2Fmedia&parent=12308"}],"wp:term":[{"taxonomy":"category","embeddable":true,"href":"https:\/\/www.tsvbadkoenigshofen-tischtennis.de\/index.php?rest_route=%2Fwp%2Fv2%2Fcategories&post=12308"},{"taxonomy":"post_tag","embeddable":true,"href":"https:\/\/www.tsvbadkoenigshofen-tischtennis.de\/index.php?rest_route=%2Fwp%2Fv2%2Ftags&post=12308"}],"curies":[{"name":"wp","href":"https:\/\/api.w.org\/{rel}","templated":true}]}}