{"id":11946,"date":"2025-02-22T12:42:40","date_gmt":"2025-02-22T11:42:40","guid":{"rendered":"https:\/\/www.tsvbadkoenigshofen-tischtennis.de\/?p=11946"},"modified":"2025-02-22T12:42:40","modified_gmt":"2025-02-22T11:42:40","slug":"kilian-ort-sagt-dem-tischtennis-ade-der-koerper-spielt-nicht-mehr-mit","status":"publish","type":"post","link":"https:\/\/www.tsvbadkoenigshofen-tischtennis.de\/?p=11946","title":{"rendered":"Kilian Ort sagt dem Tischtennis ade &#8211; Der K\u00f6rper spielt nicht mehr mit"},"content":{"rendered":"<div>\n<p><span>am 18.02. erkl\u00e4rte Kilian \u00a0via Instagram (siehe unten) seinen R\u00fccktritt. Wir blicken zur\u00fcck auf seine bewegte Karriere.<\/span><\/p>\n<\/div>\n<div>\n<p><span>Als Sechsj\u00e4hriger begann Kilian bei unserem TSV unter Anleitung seines Vaters Josef mit Tischtennis. \u00a0Seine Erstspielberechtigung stammt vom 29. Januar 2004, als er fast acht Jahre alt war. Weil er sich gut entwickelte, geh\u00f6rt Ort ab Sommer 2006 zum Leistungskader 2 des BTTV. Schon ein Jahr sp\u00e4ter r\u00fcckte er in den LK1-Kader auf, dem er bis Ende 2014 angeh\u00f6rte. Von 2010 bis 2013 war er auch Teil des Nationalkaders (erst NK2, dann NK1).<\/span><\/p>\n<\/div>\n<div>\n<p><strong><span>Als Zw\u00f6lfj\u00e4hriger 2008 erstes Spiel bei den Herren<\/span><\/strong><span><\/span><\/p>\n<\/div>\n<div>\n<p><span>Sein erstes Spiel bei den Erwachsenen absolvierte er als Zw\u00f6lfj\u00e4hriger am 19. September 2008, als er in der zweiten Mannschaft in der 2. Bezirksliga ran durfte und beide Einzel gegen den TV Etwashausen II gewann. Zwei Wochen sp\u00e4ter wurde er in der Ersten, die damals noch Landesliga spielte, beim Ausw\u00e4rtsspiel in TS Arzberg eingesetzt. Kurz danach nahm Ort an Top 48-Bundesranglistenturnier der Sch\u00fcler A teil, nachdem er die 1700er-TTR-Marke geknackt hatte.<\/span><\/p>\n<\/div>\n<div>\n<p><span>2008\/09 gelang Kilian mit der ersten TSV Mannschaft der Aufstieg in die Bayernliga. 2009 folgte die erste Teilnahme an den Bayerischen Meisterschaften, bei der 2012 im Einzel erstmals auf dem Podest stand. Ort durfte sich \u00fcber Bronze freuen, nachdem im Halbfinale gegen den sp\u00e4teren Sieger Nico Christ eine 2:0-Satzf\u00fchrung nicht ins Ziel brachte und noch 2:4 verlor.<\/span><\/p>\n<\/div>\n<div>\n<p><strong><span>Nationalmannschafts-Deb\u00fct im Dezember 2016<\/span><\/strong><span><\/span><\/p>\n<\/div>\n<div>\n<p><span>Die ersten Erfolge lie\u00dfen sich nicht lange auf sich warten. Er wurde als Leader Sch\u00fcler-Europameister mit Team Deutschland 2011 in Kasan (Russland) und Mixed-Europameister 2013 in Ostrava (Tschechien). 2010 schaffte er es bis ins Top 12 Bundesranglistenfinale. Im April des gleichen Jahres sorgte er (damaliger TTR: 1917) bei Deutschlandpokal Sch\u00fcler A mit sechs Siegen f\u00fcr Furore \u2013 nur gegen Dang Qiu (TTR: 2018) verlor knapp mit 2:3. Ort wurde auch Deutscher Jugendmeister 2013 im Doppel mit Marius Zaus in Karlsfeld, Deutscher Jugendmeister 2014 im Einzel in M\u00fchlhausen und Bayerischer Meister 2014 in K\u00f6nigsbrunn. Hinzu kam in jenem Jahr auch noch die Teilnahme an der Jugend-Olympiade, wo er im Einzel im Viertelfinale ausgeschieden ist.<\/span><\/p>\n<\/div>\n<div>\n<p><span>Im September 2014 verlie\u00df er das Elternhaus und zog nach D\u00fcsseldorf, Er holte Bronze im Herren-Doppel mit Dang Qiu bei den Deutschen Meisterschafen 2015 in Chemnitz. Danach beeintr\u00e4chtigte ihn eine Schulterverletzung. Doch er wurde wieder fit und feierte am 13. Dezember 2016 Deb\u00fct in der Herren-Nationalmannschaft. 2017 stieg er mit dem TSV Bad K\u00f6nigshofen in die TTBL auf, 2018 freute er sich \u00fcber Silber bei den Deutschen Meisterschaften nach einer Endspielniederlage gegen Timo Boll, der bekanntlich auch aufh\u00f6rt. Mit Silber beim WTT Contender in Budapest in 2021 setzte Ort, im Fr\u00fchjahr 2022 Weltranglisten-48., ein Ausrufezeichen.<\/span><\/p>\n<\/div>\n<div>\n<p><strong><span>Letztes TTBL-Spiel im April 2023 gegen M\u00fchlhausen<\/span><\/strong><span><\/span><\/p>\n<\/div>\n<div>\n<p><span>Bei der DM in N\u00fcrnberg im M\u00e4rz 2023 schaffte es Kilian mit Ricardo Walther auf den Bronzerang im Doppel. Am 30. April 2023 bestritt er sein letztes TTBL-Spiel gegen den Post SV M\u00fchlhausen. Beim 3:1-Heimsieg gewann Ort beide Einzel, das 3:2 durch ein 11:5 im f\u00fcnften Satz (s. Beitragsbild beim Jubel) gegen den Irvin Bertrand sollte sein letzter Auftritt in Shakehands-Arena sein. Am 3. Juli 2023 war er beim WTT Star Contender in Ljubljana letztmals im Einsatz.<\/span><\/p>\n<\/div>\n<div>\n<p><span>\u00a0<\/span><\/p>\n<\/div>\n<div>\n<p><strong><em><u>Kilian Orts R\u00fccktrittserkl\u00e4rung bei Instagram:<\/u><\/em><\/strong><span><\/span><\/p>\n<\/div>\n<div>\n<p><em><span>&#8222;Seit gut zwei Jahren k\u00e4mpfe ich mit Beschwerden an der untersten Bandscheibe, die dazu gef\u00fchrt haben, dass ich meinem Sport nicht mehr schmerzfrei nachgehen kann. Da bis zum heutigen Tag keine Besserung eingetreten ist, m\u00f6chte ich mit dem heutigen Tag offiziell das Ende meiner Tischtennislaufbahn bekanntgeben. F\u00fcr die Unterst\u00fctzung im Laufe meiner Karriere m\u00f6chte ich mich bei meiner Familie, besonders bei meinen Eltern und meiner Freundin Loan, beim TSV Bad K\u00f6nigshofen und all seinen Partnern, ehrenamtlichen Helfern sowie Fans, bei meinem langj\u00e4hrigen Ausr\u00fcster andro, bei der Bundeswehr, beim BTTV und DTTB, bei der Sporthilfe, bei meinen Mannschaftskollegen und (Athletik-)Trainern, bei allen \u00c4rzten und Physiotherapeuten, bei meinen ehemaligen Lehrern und Klassenkameraden sowie bei allen Menschen, die mir in all den Jahren geholfen haben, recht herzlich bedanken. Kilian&#8220;<\/span><\/em><span><\/span><\/p>\n<\/div>\n<div><\/div>\n<div>\n<p><em><u><span>Sein langj\u00e4hriger Verbandstrainer Cornel Borsos sagt:<\/span><\/u><\/em><span><br \/>\n<em>\u201eIch erinnere mich an das Jahr 2006, als ich den Jahrgang 1996 gesichtet habe und Kilian beim Verbandsranglistenturnier der C-Sch\u00fcler das erste Mal spielen sah. Er ist mir gleich aufgefallen, weil er sehr gut gespielt und klar gewonnen hat. Er hatte sehr fr\u00fch eine hohe Spielintelligenz, war ein kluger Kopf f\u00fcr sein Alter und besonders schnellkr\u00e4ftig. 2014 wurde er Deutscher Jugendmeister trotz Abistress. Im Finale hat er sensationell gespielt. Der TSV Bad K\u00f6nigshofen hat f\u00fcr Kilian die Mannschaft immer so aufgestellt, dass es St\u00fcck f\u00fcr St\u00fcck nach oben gehen konnte. Seine Mitspieler waren auch immer beim Training vor Ort. Es ist sehr schade, dass er nun aufh\u00f6rt, weil er viel f\u00fcr Tischtennis investiert und beim TSV Bad K\u00f6nigshofen viel bewegt hat. Aber ich mache mir um seine Zukunft keine Sorgen. Was er k\u00fcnftig machen wird, das wird er gut machen, davon bin ich \u00fcberzeugt.\u201c<\/em><\/span><\/p>\n<p><em><u>Kommentar des TSV Bad K\u00f6nigshofen auf seinen Post:<\/u><\/em><\/p>\n<\/div>\n<div>\n<div>\n<p>&nbsp;<\/p>\n<\/div>\n<div>\n<p><em><span>&#8222;Lieber Kilian, mit Dir m\u00fcssen wir schweren Herzens einen wahren Vereinshelden zur\u00fccktreten lassen. Wir sind unendlich dankbar f\u00fcr die unz\u00e4hligen Momente des Jubels, die Du uns in Form von Siegen und Aufstiegen oder einzelnen Punkten geschenkt hast. Ohne Dich w\u00e4re die Tischtennisabteilung unseres TSVs nicht ansatzweise ein festes Mitglied der TTBL. Danke f\u00fcr alles, was Du als Spieler und Mensch f\u00fcr unseren Verein (bisher) gemacht hast. Wir w\u00fcnschen Dir f\u00fcr die Zukunft nur das Beste! Danke f\u00fcr Alles!&#8220; Und wer wei\u00df, vielleicht sehen wir Dich irgendwann mal wieder in anderer Funktion. Jetzt hoffen wir erst einmal, dass du bald im Alltag wieder schmerzfrei bist. Das ist das Wichtigste!<\/span><\/em><span><\/span><\/p>\n<\/div>\n<div>\n<p>&nbsp;<\/p>\n<\/div>\n<\/div>\n","protected":false},"excerpt":{"rendered":"<p>am 18.02. erkl\u00e4rte Kilian \u00a0via Instagram (siehe unten) seinen R\u00fccktritt. Wir blicken zur\u00fcck auf seine bewegte Karriere. Als Sechsj\u00e4hriger begann Kilian bei unserem TSV unter Anleitung seines Vaters Josef mit Tischtennis. \u00a0Seine Erstspielberechtigung stammt vom 29. Januar 2004, als er fast acht Jahre alt war. Weil er sich gut entwickelte, geh\u00f6rt Ort ab Sommer 2006&#8230;<\/p>\n","protected":false},"author":5,"featured_media":11943,"comment_status":"open","ping_status":"open","sticky":false,"template":"","format":"standard","meta":{"_acf_changed":false,"footnotes":""},"categories":[28],"tags":[],"class_list":["post-11946","post","type-post","status-publish","format-standard","has-post-thumbnail","hentry","category-ttbl"],"acf":[],"_links":{"self":[{"href":"https:\/\/www.tsvbadkoenigshofen-tischtennis.de\/index.php?rest_route=\/wp\/v2\/posts\/11946","targetHints":{"allow":["GET"]}}],"collection":[{"href":"https:\/\/www.tsvbadkoenigshofen-tischtennis.de\/index.php?rest_route=\/wp\/v2\/posts"}],"about":[{"href":"https:\/\/www.tsvbadkoenigshofen-tischtennis.de\/index.php?rest_route=\/wp\/v2\/types\/post"}],"author":[{"embeddable":true,"href":"https:\/\/www.tsvbadkoenigshofen-tischtennis.de\/index.php?rest_route=\/wp\/v2\/users\/5"}],"replies":[{"embeddable":true,"href":"https:\/\/www.tsvbadkoenigshofen-tischtennis.de\/index.php?rest_route=%2Fwp%2Fv2%2Fcomments&post=11946"}],"version-history":[{"count":2,"href":"https:\/\/www.tsvbadkoenigshofen-tischtennis.de\/index.php?rest_route=\/wp\/v2\/posts\/11946\/revisions"}],"predecessor-version":[{"id":11948,"href":"https:\/\/www.tsvbadkoenigshofen-tischtennis.de\/index.php?rest_route=\/wp\/v2\/posts\/11946\/revisions\/11948"}],"wp:featuredmedia":[{"embeddable":true,"href":"https:\/\/www.tsvbadkoenigshofen-tischtennis.de\/index.php?rest_route=\/wp\/v2\/media\/11943"}],"wp:attachment":[{"href":"https:\/\/www.tsvbadkoenigshofen-tischtennis.de\/index.php?rest_route=%2Fwp%2Fv2%2Fmedia&parent=11946"}],"wp:term":[{"taxonomy":"category","embeddable":true,"href":"https:\/\/www.tsvbadkoenigshofen-tischtennis.de\/index.php?rest_route=%2Fwp%2Fv2%2Fcategories&post=11946"},{"taxonomy":"post_tag","embeddable":true,"href":"https:\/\/www.tsvbadkoenigshofen-tischtennis.de\/index.php?rest_route=%2Fwp%2Fv2%2Ftags&post=11946"}],"curies":[{"name":"wp","href":"https:\/\/api.w.org\/{rel}","templated":true}]}}