{"id":11730,"date":"2025-01-21T15:12:10","date_gmt":"2025-01-21T14:12:10","guid":{"rendered":"https:\/\/www.tsvbadkoenigshofen-tischtennis.de\/?p=11730"},"modified":"2025-01-21T15:12:10","modified_gmt":"2025-01-21T14:12:10","slug":"allegro-wechselt-naechste-saison-nach-grenzau","status":"publish","type":"post","link":"https:\/\/www.tsvbadkoenigshofen-tischtennis.de\/?p=11730","title":{"rendered":"Allegro wechselt n\u00e4chste Saison nach Grenzau"},"content":{"rendered":"<p style=\"font-weight: 400;\"><strong>Allegro verl\u00e4sst den TSV in Richtung Grenzau<\/strong><\/p>\n<p style=\"font-weight: 400;\">Der 28-j\u00e4hrige belgische Nationalspieler Martin Allegro wird unseren TSV zum Saisonende verlassen und k\u00fcnftig f\u00fcr das aktuelle Erstligaschlusslicht TTC Zugbr\u00fccke Grenzau aufschlagen. Diese Entscheidung teilte Martin am Sonntag den beiden Gesch\u00e4ftsf\u00fchrern Andy Albert und Matthias Braun mit. Er betonte, dass er in den restlichen Spielen alles daransetzen werde, um erneut die Playoffs zu erreichen. Bad K\u00f6nigshofen wird immer einen besonderen Platz in seinem Herzen einnehmen; die vergangenen drei Jahre waren f\u00fcr ihn unvergesslich.<\/p>\n<p style=\"font-weight: 400;\">Der Grund f\u00fcr seinen Wechsel: Martin w\u00fcnscht sich mehr Einsatzzeit, insbesondere in den Einzelspielen. Dies gestaltet sich jedoch als schwierig, da in der kommenden Saison Steger, Zeljko und Bertelsmeier vermutlich vor ihm stehen werden. Sollte Kilian Ort seine langfristigen R\u00fcckenprobleme \u00fcberwinden k\u00f6nnen, w\u00fcrde sich das noch f\u00fcr ihn versch\u00e4rfen.<\/p>\n<p style=\"font-weight: 400;\">Martin hat bislang in der ttbl f\u00fcr uns eine Einzelbilanz von 5:22 gespielt. Hierbei ist allerdings zu ber\u00fccksichtigen, dass er mit wenigen Ausnahmen immer gegen den st\u00e4rksten Akteur der gegnerischen Mannschaft gesetzt wurde.<\/p>\n<p style=\"font-weight: 400;\">Seinen besonderen Wert f\u00fcr das Team zeigte sich bislang vor allem in den Doppeln, wo der bei den Fans beliebte Belgier gesetzt ist. Mit einer beeindruckenden Bilanz von bislang 14:3 in den Doppeln, gespielt mit unterschiedlichen Mannschaftskollegen (Ort, Zeljko, Steger, Ueda) hat er sehr oft in den entscheidenden Momenten den Unterschied gemacht. So auch zum Auftakt der R\u00fcckrunde mit den Siegen im Schlussdoppel gegen Fulda und Bremen.<\/p>\n<p style=\"font-weight: 400;\">Wir w\u00fcnschen Martin bereits heute an dieser Stelle viel Erfolg und die erhoffte Einsatzzeit in den Einzeln in der kommenden Saison.<\/p>\n","protected":false},"excerpt":{"rendered":"<p>Allegro verl\u00e4sst den TSV in Richtung Grenzau Der 28-j\u00e4hrige belgische Nationalspieler Martin Allegro wird unseren TSV zum Saisonende verlassen und k\u00fcnftig f\u00fcr das aktuelle Erstligaschlusslicht TTC Zugbr\u00fccke Grenzau aufschlagen. Diese Entscheidung teilte Martin am Sonntag den beiden Gesch\u00e4ftsf\u00fchrern Andy Albert und Matthias Braun mit. Er betonte, dass er in den restlichen Spielen alles daransetzen werde,&#8230;<\/p>\n","protected":false},"author":5,"featured_media":11475,"comment_status":"open","ping_status":"open","sticky":false,"template":"","format":"standard","meta":{"_acf_changed":false,"footnotes":""},"categories":[28],"tags":[],"class_list":["post-11730","post","type-post","status-publish","format-standard","has-post-thumbnail","hentry","category-ttbl"],"acf":[],"_links":{"self":[{"href":"https:\/\/www.tsvbadkoenigshofen-tischtennis.de\/index.php?rest_route=\/wp\/v2\/posts\/11730","targetHints":{"allow":["GET"]}}],"collection":[{"href":"https:\/\/www.tsvbadkoenigshofen-tischtennis.de\/index.php?rest_route=\/wp\/v2\/posts"}],"about":[{"href":"https:\/\/www.tsvbadkoenigshofen-tischtennis.de\/index.php?rest_route=\/wp\/v2\/types\/post"}],"author":[{"embeddable":true,"href":"https:\/\/www.tsvbadkoenigshofen-tischtennis.de\/index.php?rest_route=\/wp\/v2\/users\/5"}],"replies":[{"embeddable":true,"href":"https:\/\/www.tsvbadkoenigshofen-tischtennis.de\/index.php?rest_route=%2Fwp%2Fv2%2Fcomments&post=11730"}],"version-history":[{"count":1,"href":"https:\/\/www.tsvbadkoenigshofen-tischtennis.de\/index.php?rest_route=\/wp\/v2\/posts\/11730\/revisions"}],"predecessor-version":[{"id":11731,"href":"https:\/\/www.tsvbadkoenigshofen-tischtennis.de\/index.php?rest_route=\/wp\/v2\/posts\/11730\/revisions\/11731"}],"wp:featuredmedia":[{"embeddable":true,"href":"https:\/\/www.tsvbadkoenigshofen-tischtennis.de\/index.php?rest_route=\/wp\/v2\/media\/11475"}],"wp:attachment":[{"href":"https:\/\/www.tsvbadkoenigshofen-tischtennis.de\/index.php?rest_route=%2Fwp%2Fv2%2Fmedia&parent=11730"}],"wp:term":[{"taxonomy":"category","embeddable":true,"href":"https:\/\/www.tsvbadkoenigshofen-tischtennis.de\/index.php?rest_route=%2Fwp%2Fv2%2Fcategories&post=11730"},{"taxonomy":"post_tag","embeddable":true,"href":"https:\/\/www.tsvbadkoenigshofen-tischtennis.de\/index.php?rest_route=%2Fwp%2Fv2%2Ftags&post=11730"}],"curies":[{"name":"wp","href":"https:\/\/api.w.org\/{rel}","templated":true}]}}