{"id":11658,"date":"2025-01-09T21:18:56","date_gmt":"2025-01-09T20:18:56","guid":{"rendered":"https:\/\/www.tsvbadkoenigshofen-tischtennis.de\/?p=11658"},"modified":"2025-01-14T17:54:43","modified_gmt":"2025-01-14T16:54:43","slug":"basti-und-filip-verlaengern-vertraege","status":"publish","type":"post","link":"https:\/\/www.tsvbadkoenigshofen-tischtennis.de\/?p=11658","title":{"rendered":"Basti und Filip verl\u00e4ngern Vertr\u00e4ge"},"content":{"rendered":"<div>\n<p style=\"font-weight: 400; text-align: center;\"><strong>Kaderplanung f\u00fcr kommende Saison &#8211; Weitere richtungsweisende Entscheidungen<\/strong><\/p>\n<p style=\"font-weight: 400;\">Der Kader des TSV Bad K\u00f6nigshofen f\u00fcr die kommende Saison nimmt immer mehr Gestalt an. Nach der Verpflichtung von Deutschlands gro\u00dfer Nachwuchshoffnung, Andre Bertelsmeier, vom 1. FC K\u00f6ln, haben auch Bastian Steger und Filip Zeljko neue Vertr\u00e4ge unterzeichnet.<\/p>\n<p style=\"font-weight: 400;\">Der geb\u00fcrtige Obervichtacher Bastian Steger wird ebenso wie Andre Bertelsmeier mindestens bis 2027 beim TSV bleiben und damit in seine sechste und siebte Saison mit uns gehen.<\/p>\n<p style=\"font-weight: 400;\">Filip Zeljko hat f\u00fcr ein weiteres Jahr bis Juli 2026 unterschrieben. Er f\u00fchlt sich nach eigener Aussage pudelwohl in Bad K\u00f6nigshofen und wird in der n\u00e4chsten Saison bereits seine 10. Spielzeit beim TSV absolvieren. Wegen dieser au\u00dfergew\u00f6hnlichen Vereinstreue ist Filip in seiner kroatischen Heimat weniger unter seinem hiesigen K\u00fcnstlernamen \u201espeedking\u201c als vielmehr unter \u201eTotti\u201c bekannt. Dieser Name ist eine Anspielung auf den legend\u00e4ren italienischen Fu\u00dfballspieler, der 24 Jahre lang das Trikot der AS Rom trug.<\/p>\n<p style=\"font-weight: 400;\">Die beiden Gesch\u00e4ftsf\u00fchrer unserer Bundesligamannschaft Matthias Braun und Andy Albert freuten sich dann auch, dass die Weichen mit diesen Wunschspielern so fr\u00fch gestellt werden konnten. Wie sie betonen, spielten neben den sportlichen Leistungen auch der hohe Identifikationsgrad der beiden Spielern mit dem TSV als auch der unserer Fangemeinde mit den beiden Spielern eine entscheidende Rolle bei den Vertragsverl\u00e4ngerungen.<\/p>\n<\/div>\n<div><\/div>\n<div>\n<p>&nbsp;<\/p>\n<\/div>\n<div><\/div>\n","protected":false},"excerpt":{"rendered":"<p>Kaderplanung f\u00fcr kommende Saison &#8211; Weitere richtungsweisende Entscheidungen Der Kader des TSV Bad K\u00f6nigshofen f\u00fcr die kommende Saison nimmt immer mehr Gestalt an. Nach der Verpflichtung von Deutschlands gro\u00dfer Nachwuchshoffnung, Andre Bertelsmeier, vom 1. FC K\u00f6ln, haben auch Bastian Steger und Filip Zeljko neue Vertr\u00e4ge unterzeichnet. Der geb\u00fcrtige Obervichtacher Bastian Steger wird ebenso wie Andre&#8230;<\/p>\n","protected":false},"author":5,"featured_media":11663,"comment_status":"open","ping_status":"open","sticky":false,"template":"","format":"standard","meta":{"_acf_changed":false,"footnotes":""},"categories":[28],"tags":[],"class_list":["post-11658","post","type-post","status-publish","format-standard","has-post-thumbnail","hentry","category-ttbl"],"acf":[],"_links":{"self":[{"href":"https:\/\/www.tsvbadkoenigshofen-tischtennis.de\/index.php?rest_route=\/wp\/v2\/posts\/11658","targetHints":{"allow":["GET"]}}],"collection":[{"href":"https:\/\/www.tsvbadkoenigshofen-tischtennis.de\/index.php?rest_route=\/wp\/v2\/posts"}],"about":[{"href":"https:\/\/www.tsvbadkoenigshofen-tischtennis.de\/index.php?rest_route=\/wp\/v2\/types\/post"}],"author":[{"embeddable":true,"href":"https:\/\/www.tsvbadkoenigshofen-tischtennis.de\/index.php?rest_route=\/wp\/v2\/users\/5"}],"replies":[{"embeddable":true,"href":"https:\/\/www.tsvbadkoenigshofen-tischtennis.de\/index.php?rest_route=%2Fwp%2Fv2%2Fcomments&post=11658"}],"version-history":[{"count":7,"href":"https:\/\/www.tsvbadkoenigshofen-tischtennis.de\/index.php?rest_route=\/wp\/v2\/posts\/11658\/revisions"}],"predecessor-version":[{"id":11701,"href":"https:\/\/www.tsvbadkoenigshofen-tischtennis.de\/index.php?rest_route=\/wp\/v2\/posts\/11658\/revisions\/11701"}],"wp:featuredmedia":[{"embeddable":true,"href":"https:\/\/www.tsvbadkoenigshofen-tischtennis.de\/index.php?rest_route=\/wp\/v2\/media\/11663"}],"wp:attachment":[{"href":"https:\/\/www.tsvbadkoenigshofen-tischtennis.de\/index.php?rest_route=%2Fwp%2Fv2%2Fmedia&parent=11658"}],"wp:term":[{"taxonomy":"category","embeddable":true,"href":"https:\/\/www.tsvbadkoenigshofen-tischtennis.de\/index.php?rest_route=%2Fwp%2Fv2%2Fcategories&post=11658"},{"taxonomy":"post_tag","embeddable":true,"href":"https:\/\/www.tsvbadkoenigshofen-tischtennis.de\/index.php?rest_route=%2Fwp%2Fv2%2Ftags&post=11658"}],"curies":[{"name":"wp","href":"https:\/\/api.w.org\/{rel}","templated":true}]}}