{"id":11403,"date":"2024-12-06T14:09:09","date_gmt":"2024-12-06T13:09:09","guid":{"rendered":"https:\/\/www.tsvbadkoenigshofen-tischtennis.de\/?p=11403"},"modified":"2024-12-06T14:20:00","modified_gmt":"2024-12-06T13:20:00","slug":"der-tsv-begruesst-als-neuzugang-andre-bertelsmeier","status":"publish","type":"post","link":"https:\/\/www.tsvbadkoenigshofen-tischtennis.de\/?p=11403","title":{"rendered":"Der TSV begr\u00fc\u00dft als Neuzugang Andre Bertelsmeier"},"content":{"rendered":"<p style=\"font-weight: 400; text-align: center;\"><strong>TSV Bad K\u00f6nigshofen begr\u00fc\u00dft Andre Bertelsmeier als Neuzugang f\u00fcr n\u00e4chste Saison<\/strong><\/p>\n<p style=\"font-weight: 400; text-align: center;\"><strong>Ein gro\u00dfes Talent wechselt vom Rhein an die Fr\u00e4nkische Saale<\/strong><\/p>\n<p style=\"font-weight: 400;\">Der TSV Bad K\u00f6nigshofen freut sich, die Nachbesetzung f\u00fcr den nach Japan zur\u00fcckkehrenden Jin Ueda bekannt geben zu k\u00f6nnen. Der erst 18-j\u00e4hrige Andre Bertelsmeier wechselt zur n\u00e4chsten Saison vom Zweitligisten 1. FC K\u00f6ln nach Bad K\u00f6nigshofen.<\/p>\n<p style=\"font-weight: 400;\">Mit Bertelsmeier kommt das derzeit wohl gr\u00f6\u00dfte Talent Deutschlands in die ttbl. <strong>National<\/strong> besticht er derzeit mit der zweitbesten Bilanz (11:2) aller Zweitligaspieler. <strong>International<\/strong> sind die Referenzen noch h\u00f6her einzusortieren.<br \/>\nF\u00fcr Furore sorgte er vor allem im Oktober als er als wildcard-Besitzer bei der EM in Linz erst im Viertelfinale am derzeitigen Weltranglistenvierten Felix Lebrun mit einem 1:4 scheiterte. Vor allem der Punkt zum\u00a0Satzgewinn\u00a0mit einem Block &#8222;behind the back&#8220; ging durch alle Medien.<\/p>\n<p style=\"font-weight: 400;\">Dar\u00fcber hinaus konnte er in den vergangenen Monaten mehrere WTT-Einzelturniere im Jugendbereich gewinnen, unter anderem in Mazedonien, Tschechien oder Schweden.<\/p>\n<p style=\"font-weight: 400;\">Diese Erfolge katapultierten ihn auf einen beeindruckenden <strong>f\u00fcnften Platz in der U19 Weltrangliste<\/strong> und sogar auf den<strong> zweiten Platz europaweit.<\/strong><\/p>\n<p style=\"font-weight: 400;\">Der TSV Bad K\u00f6nigshofen sieht in diesem zukunftsweisenden Transfer eine hervorragende M\u00f6glichkeit, sich in der oberen H\u00e4lfte der Tabelle zu etablieren.<\/p>\n<p style=\"font-weight: 400;\">\u201eAndre ist eine gro\u00dfartige Verst\u00e4rkung f\u00fcr uns\u201c, zeigt sich Matthias Braun, Gesch\u00e4ftsf\u00fchrer Verwaltung des TSV, begeistert.<\/p>\n<p style=\"font-weight: 400;\">Andy Albert als Gesch\u00e4ftsf\u00fchrer Sport erg\u00e4nzt: \u201eEr bringt uns nicht nur sportlich weiter, sondern er bringt auch die richtige Mentalit\u00e4t mit und wird hervorragend zu unserem Team und zu unseren Fans passen\u201c.<\/p>\n","protected":false},"excerpt":{"rendered":"<p>TSV Bad K\u00f6nigshofen begr\u00fc\u00dft Andre Bertelsmeier als Neuzugang f\u00fcr n\u00e4chste Saison Ein gro\u00dfes Talent wechselt vom Rhein an die Fr\u00e4nkische Saale Der TSV Bad K\u00f6nigshofen freut sich, die Nachbesetzung f\u00fcr den nach Japan zur\u00fcckkehrenden Jin Ueda bekannt geben zu k\u00f6nnen. Der erst 18-j\u00e4hrige Andre Bertelsmeier wechselt zur n\u00e4chsten Saison vom Zweitligisten 1. FC K\u00f6ln nach&#8230;<\/p>\n","protected":false},"author":5,"featured_media":0,"comment_status":"open","ping_status":"open","sticky":false,"template":"","format":"standard","meta":{"_acf_changed":false,"footnotes":""},"categories":[28],"tags":[],"class_list":["post-11403","post","type-post","status-publish","format-standard","hentry","category-ttbl"],"acf":[],"_links":{"self":[{"href":"https:\/\/www.tsvbadkoenigshofen-tischtennis.de\/index.php?rest_route=\/wp\/v2\/posts\/11403","targetHints":{"allow":["GET"]}}],"collection":[{"href":"https:\/\/www.tsvbadkoenigshofen-tischtennis.de\/index.php?rest_route=\/wp\/v2\/posts"}],"about":[{"href":"https:\/\/www.tsvbadkoenigshofen-tischtennis.de\/index.php?rest_route=\/wp\/v2\/types\/post"}],"author":[{"embeddable":true,"href":"https:\/\/www.tsvbadkoenigshofen-tischtennis.de\/index.php?rest_route=\/wp\/v2\/users\/5"}],"replies":[{"embeddable":true,"href":"https:\/\/www.tsvbadkoenigshofen-tischtennis.de\/index.php?rest_route=%2Fwp%2Fv2%2Fcomments&post=11403"}],"version-history":[{"count":4,"href":"https:\/\/www.tsvbadkoenigshofen-tischtennis.de\/index.php?rest_route=\/wp\/v2\/posts\/11403\/revisions"}],"predecessor-version":[{"id":11407,"href":"https:\/\/www.tsvbadkoenigshofen-tischtennis.de\/index.php?rest_route=\/wp\/v2\/posts\/11403\/revisions\/11407"}],"wp:attachment":[{"href":"https:\/\/www.tsvbadkoenigshofen-tischtennis.de\/index.php?rest_route=%2Fwp%2Fv2%2Fmedia&parent=11403"}],"wp:term":[{"taxonomy":"category","embeddable":true,"href":"https:\/\/www.tsvbadkoenigshofen-tischtennis.de\/index.php?rest_route=%2Fwp%2Fv2%2Fcategories&post=11403"},{"taxonomy":"post_tag","embeddable":true,"href":"https:\/\/www.tsvbadkoenigshofen-tischtennis.de\/index.php?rest_route=%2Fwp%2Fv2%2Ftags&post=11403"}],"curies":[{"name":"wp","href":"https:\/\/api.w.org\/{rel}","templated":true}]}}