{"id":11163,"date":"2024-05-17T17:25:59","date_gmt":"2024-05-17T15:25:59","guid":{"rendered":"https:\/\/www.tsvbadkoenigshofen-tischtennis.de\/?p=11163"},"modified":"2024-05-17T17:25:59","modified_gmt":"2024-05-17T15:25:59","slug":"was-jochen-breyer-nach-bad-koenigshofen-zieht-und-was-er-vom-tsv-und-der-stadt-haelt","status":"publish","type":"post","link":"https:\/\/www.tsvbadkoenigshofen-tischtennis.de\/?p=11163","title":{"rendered":"Was Jochen Breyer nach Bad K\u00f6nigshofen zieht und was er vom TSV und der Stadt h\u00e4lt"},"content":{"rendered":"<p>Bad K\u00f6nigshofen\u00a0 Am Pfingstmontag ab 16 Uhr findet in der Shakehands-Arena das spektakul\u00e4rste Sportereignis in der Geschichte des TSV Bad K\u00f6nigshofen statt. Dessen 1. Tischtennis-Mannschaft hat die Bundesliga-Saison 2023\/24 als Dritter abgeschlossen und sich damit f\u00fcr das Halbfinale um die deutsche Meisterschaft qualifiziert, das im Play-off-Modus ausgetragen wird: Ins Finale kommt, wer von maximal drei Spielen gegeneinander zwei gewonnen hat. Zum Hinspiel reist der 33-fache deutsche Meister Borussia D\u00fcsseldorf an. Parallel dazu spielt Saarbr\u00fccken gegen Werder Bremen.<\/p>\n<p>Mitten drin statt nur dabei wird Jochen Breyer (41) sein, geb\u00fcrtiger Heidelberger, studierter Journalist und Politikwissenschaftler. Seit 2013 ist er Moderator des ZDF-Sportstudios, in vier Wochen auch der bevorstehenden Fu\u00dfball-EM-\u00dcbertragungen. Er weilt dann nicht zum ersten Mal in der Badestadt, zum zweiten Mal, wieder gegen Borussia D\u00fcsseldorf, bei einem Tischtennisspiel in der Arena. Die Beziehung TSV-Breyer kam \u00fcber Oliver Haschke, einen F\u00f6rderer der Tischtennis-Abteilung, zustande. In einem Interview beantwortete uns Breyer folgende Fragen.<\/p>\n<p><em>Was haben Sie als Sch\u00fcler, Student oder Praktikant anders gemacht als viele andere, die auch einmal Journalist und Nachfolger von Harry Valerien, Dieter K\u00fcrten oder G\u00fcnther Jauch werden wollten?<\/em><\/p>\n<p><strong>Jochen Breyer: <\/strong>\u201eMein Gl\u00fcck war, dass ich schon sehr fr\u00fch wusste, was ich werden wollte. W\u00e4hrend meine Freunde das Ziel Fu\u00dfballstar hatten, habe ich davon getr\u00e4umt, als Sportreporter Fu\u00dfballspiele zu kommentieren. So konnte ich direkt nach dem Abi diesen Weg einschlagen und habe besonders beim Studentenradio viel gelernt.\u201c<\/p>\n<p><em>Ging der Weg geradlinig nach oben oder half auch das Momentum mit der richtigen Zeit, Ort, Menschen u.s.w.?<\/em><\/p>\n<p><strong>Breyer:<\/strong> \u201eOhne Menschen, die einem helfen und an einen glauben, geht\u2019s nicht, und ich hatte gl\u00fccklicherweise beim ZDF Chefs, die an mich glaubten. Mehr sogar als ich selber. Ich erinnere mich noch, als Dieter Gruschwitz, mein Redaktionsleiter, mich anrief und sagte, `Jochen, wo bist du gerade? Setz dich mal bitte wohin.\u00b4 Ich setzte mich auf einen Stuhl in meiner WG-K\u00fcche und er sagte: `Michael Steinbrecher h\u00f6rt auf als Sportstudio-Moderator, und ich will, dass du sein Nachfolger wirst.\u00b4 Da war ich komplett \u00fcberw\u00e4ltigt, hatte das ja \u00fcberhaupt nicht erwartet. Ich musste auch erst ein paar Tage \u00fcberlegen, weil ich es mir damals nicht wirklich zugetraut habe.\u201c<\/p>\n<p><em>Apropos Weg: Wie kam es dazu, dass Sie schon mehrmals Gast in Bad K\u00f6nigshofen waren?<\/em><\/p>\n<p><strong>Breyer: <\/strong>\u201eBei einem Charity-Event von Thomas M\u00fcller habe ich Oliver Haschke getroffen. Er hat f\u00fcr den guten Zweck Karten f\u00fcrs Sportstudio ersteigert. So haben wir uns n\u00e4her kennen gelernt und Oli war so nett, mich seitdem immer wieder mal nach Bad K\u00f6nigshofen einzuladen.\u201c<\/p>\n<p><em>Was imponiert Ihnen am TSV und an der Stadt und Region?<\/em><\/p>\n<p><strong>Breyer: <\/strong>\u201eVor allem die extreme Verbundenheit der Menschen mit dem TSV und dem Tischtennis. Die ganze Region fiebert mit. Das sp\u00fcrt man, wenn man da ist. Die Atmosph\u00e4re in der Halle ist \u00fcberragend. Und bei aller Leidenschaft wird der Gegner respektiert. Das imponiert mir sehr.\u201c<\/p>\n<p><em>Werden Sie wieder als Co-Hallensprecher zum Mikrofon greifen und, wenn ja, wie haben Sie sich vorbereitet?<\/em><\/p>\n<p><strong>Breyer: <\/strong>\u201eJa, ich freue mich sehr, an diesem besonderen Tag dabei zu sein. Der TSV hat ja eine Art Tischtennis-Wunder wahrgemacht mit dem Einzug in die Play-offs. Das Spiel gegen D\u00fcsseldorf wird ein Festtag. Ich bereite mich vor, indem ich mit den handelnden Personen spreche, vor allem nat\u00fcrlich mit Andy Albert, dem diese sensationelle Entwicklung zu verdanken ist.\u201c<\/p>\n<p><em>Was trauen Sie den K\u00f6nigsh\u00f6fern in den Play-offs zu?<\/em><\/p>\n<p><strong>Breyer: <\/strong>\u201eSehr viel. Wer h\u00e4tte denn vor der Saison gedacht, dass sie auf Platz 3 landen? Kaum jemand. Wer denkt jetzt, dass sie D\u00fcsseldorf schlagen? Wieder kaum jemand. Umso besser: Der TSV kann als Au\u00dfenseiter frei aufspielen, der Druck liegt bei D\u00fcsseldorf.\u201c<\/p>\n<p><em>K\u00f6nnen Sie sich vorstellen oder was muss passieren, dass eines Tages einmal im ZDF-Sportstudio nach 60 Minuten Fu\u00dfball sechs Minuten Tischtennis gezeigt werden?\u00a0\u00a0 <\/em><\/p>\n<p><strong>Breyer: <\/strong>\u201eSehr gute Frage. Mich als Moderator st\u00f6rt es auch, dass wir aufgrund des Fu\u00dfballs so wenig Zeit f\u00fcr andere Sportarten haben. Aber ich kann versprechen: Sollte Bad K\u00f6nigshofen den gro\u00dfen Favoriten D\u00fcsseldorf schlagen, werde ich mich daf\u00fcr einsetzen, dass wir dar\u00fcber berichten.\u201c<\/p>\n<p><em>Vielen Dank!<\/em><\/p>\n<p><em>\u00a0<\/em><\/p>\n<p><em>\u00a0<\/em><\/p>\n<p><em>\u00a0<\/em><\/p>\n<p><em>\u00a0<\/em><\/p>\n<p><em>\u00a0<\/em><\/p>\n<p><em>\u00a0<\/em><\/p>\n<p><em>\u00a0<\/em><\/p>\n<p><em>\u00a0<\/em><\/p>\n","protected":false},"excerpt":{"rendered":"<p>Bad K\u00f6nigshofen\u00a0 Am Pfingstmontag ab 16 Uhr findet in der Shakehands-Arena das spektakul\u00e4rste Sportereignis in der Geschichte des TSV Bad K\u00f6nigshofen statt. Dessen 1. Tischtennis-Mannschaft hat die Bundesliga-Saison 2023\/24 als Dritter abgeschlossen und sich damit f\u00fcr das Halbfinale um die deutsche Meisterschaft qualifiziert, das im Play-off-Modus ausgetragen wird: Ins Finale kommt, wer von maximal drei&#8230;<\/p>\n","protected":false},"author":2,"featured_media":11164,"comment_status":"open","ping_status":"open","sticky":false,"template":"","format":"standard","meta":{"_acf_changed":false,"footnotes":""},"categories":[28],"tags":[],"class_list":["post-11163","post","type-post","status-publish","format-standard","has-post-thumbnail","hentry","category-ttbl"],"acf":[],"_links":{"self":[{"href":"https:\/\/www.tsvbadkoenigshofen-tischtennis.de\/index.php?rest_route=\/wp\/v2\/posts\/11163","targetHints":{"allow":["GET"]}}],"collection":[{"href":"https:\/\/www.tsvbadkoenigshofen-tischtennis.de\/index.php?rest_route=\/wp\/v2\/posts"}],"about":[{"href":"https:\/\/www.tsvbadkoenigshofen-tischtennis.de\/index.php?rest_route=\/wp\/v2\/types\/post"}],"author":[{"embeddable":true,"href":"https:\/\/www.tsvbadkoenigshofen-tischtennis.de\/index.php?rest_route=\/wp\/v2\/users\/2"}],"replies":[{"embeddable":true,"href":"https:\/\/www.tsvbadkoenigshofen-tischtennis.de\/index.php?rest_route=%2Fwp%2Fv2%2Fcomments&post=11163"}],"version-history":[{"count":1,"href":"https:\/\/www.tsvbadkoenigshofen-tischtennis.de\/index.php?rest_route=\/wp\/v2\/posts\/11163\/revisions"}],"predecessor-version":[{"id":11167,"href":"https:\/\/www.tsvbadkoenigshofen-tischtennis.de\/index.php?rest_route=\/wp\/v2\/posts\/11163\/revisions\/11167"}],"wp:featuredmedia":[{"embeddable":true,"href":"https:\/\/www.tsvbadkoenigshofen-tischtennis.de\/index.php?rest_route=\/wp\/v2\/media\/11164"}],"wp:attachment":[{"href":"https:\/\/www.tsvbadkoenigshofen-tischtennis.de\/index.php?rest_route=%2Fwp%2Fv2%2Fmedia&parent=11163"}],"wp:term":[{"taxonomy":"category","embeddable":true,"href":"https:\/\/www.tsvbadkoenigshofen-tischtennis.de\/index.php?rest_route=%2Fwp%2Fv2%2Fcategories&post=11163"},{"taxonomy":"post_tag","embeddable":true,"href":"https:\/\/www.tsvbadkoenigshofen-tischtennis.de\/index.php?rest_route=%2Fwp%2Fv2%2Ftags&post=11163"}],"curies":[{"name":"wp","href":"https:\/\/api.w.org\/{rel}","templated":true}]}}