{"id":10304,"date":"2022-11-11T07:51:13","date_gmt":"2022-11-11T06:51:13","guid":{"rendered":"https:\/\/www.tsvbadkoenigshofen-tischtennis.de\/?p=10304"},"modified":"2022-11-11T07:51:13","modified_gmt":"2022-11-11T06:51:13","slug":"tsv-plagen-personalprobleme-vor-dem-spiel-in-saarbruecken","status":"publish","type":"post","link":"https:\/\/www.tsvbadkoenigshofen-tischtennis.de\/?p=10304","title":{"rendered":"TSV plagen Personalprobleme vor dem Spiel in Saarbr\u00fccken"},"content":{"rendered":"<p><strong>Beim 1. FC Saarbr\u00fccken TT trifft der TSV auf seinen ehemaligen Spieler Darko Jorgic<\/strong><\/p>\n<p><strong>TTBL<\/strong><br \/>\n<strong>Freitag, 11. November, 19 Uhr:<\/strong><br \/>\n<strong>1. FC Saarbr\u00fccken-TT &#8211; TSV Bad K\u00f6nigshofen<\/strong><\/p>\n<p><strong>Bad K\u00f6nigshofen (rd)<\/strong> Was war doch dieser Montagabend in der Shakehands-Arena mit dem 3:2-Aufholjagd-Sieg gegen den TTC Grenzau nicht nur magisch. Er h\u00e4tte auch tragisch ausgehen und ebensolche Folgen f\u00fcr die n\u00e4here Zukunft des Bundesligisten TSV Bad K\u00f6nigshofen haben k\u00f6nnen, wenn die drei Wenns nicht so positiv gelungen w\u00e4ren. Wenn Kilian Ort nicht der Anschluss gelungen w\u00e4re, wenn Filip Zeljko nicht den sensationellen Sieg \u00fcber Yi-Hsin Feng geschafft und wenn das Doppel Ort\/Allegro nicht so furios aufgetrumpft h\u00e4tte. \u201eVorletzter w\u00e4ren wir gewesen\u201c, atmete der TSV-Manager Andy Albert tief durch \u201eund dann nach Saarbr\u00fccken und gegen D\u00fcsseldorf.\u201c Es war Schadensbegrenzung im Vorfeld dieser Partie beim deutschen Vizemeister 1. FC Saarbr\u00fccken TT auf jeden Fall. Der freie Fall, sollten die beiden Gr\u00f6\u00dfen des deutschen Tischtennis denn wirklich zu gro\u00df sein f\u00fcr den kleinsten Verein der TTBL, w\u00e4re nicht gar so tief und reparabel.<\/p>\n<p>Die Tabelle zeigt nach f\u00fcnf Spieltagen \u00fcberdeutlich: Mindestens die H\u00e4lfte, wenn nicht gar vom letzten bis hinauf zum vierten Platz, blickt mehr nach unten als nach oben. Die zwei Abstiegspl\u00e4tze sind heuer nicht so reserviert wie in den letzten Jahren, in denen auch Bad K\u00f6nigshofen nie ernsthaft in Gefahr geriet. Keine Mannschaft ist sieglos. Das Top-Team Saarbr\u00fccken hat den Hallo-Wach-Ruf bereits im ersten Spiel geh\u00f6rt, unterlag \u2013 gegen Grenzau \u2013 und antwortete mit vier Siegen in Folge. Der Trainer Wang Zhi hat die freie Auswahl f\u00fcr sein Trio unter Patrick Franziska (30), dem Ex-K\u00f6nigsh\u00f6fer Darko Jorgic (24), Cedric Nuytink (29), Tomas Polansky (24) und Jin Takuya (29).<\/p>\n<p>Im Interview mit dieser Redaktion bescheinigte Darko Jorgic, vor sechs Jahren K\u00f6nigsh\u00f6fer, sich selber eine \u201ederzeit sehr gute Form, schon bei der WM in China, erst recht beim WTT-Turnier letzte Woche in Slowenien. Ich war im Finale ein paar B\u00e4lle weg von einem gro\u00dfen Titel. Aber jetzt schaue ich nur noch nach vorne.\u201c Zur Chance, diese Saison Deutscher Meister zu werden: \u201eWir spielten die letzten vier Jahre gro\u00dfartig, gewannen ein Mal den Titel, ein Mal den Pokal. Wir sind ein gro\u00dfes Team und haben einen gro\u00dfen Teamspirit. Wir fokussieren uns \u2013 nach Grenzau &#8211; auf jedes einzelne Match. Die Play-Offs sind unser erstes Ziel. Dann sehen wir weiter.\u201c<\/p>\n<p>Von seinem ersten Verein in Deutschland als 17-J\u00e4hriger wei\u00df Darko Jorgic: \u201eEs ist ein gro\u00dfartiges Team in Bad K\u00f6nigshofen mit gro\u00dfartigen Fans drum herum. Ich habe sehr gute Erinnerungen an diese Stadt, diesen Verein und diesen Zusammenhalt dort. Wir wissen, wie stark ihre einzelnen Spieler sind, aber auch wie sie spielen. Deshalb wollen wir Druck auf sie aus\u00fcben. Jeder muss hundert Prozent an den Tisch bringen. Ich denke, es wird ein enges, f\u00fcr die Zuschauer interessantes Match und wir werden alles geben m\u00fcssen, sie zu schlagen und unsere Serie auf 5:0 auszubauen. Ich hoffe, wir werden besser abschneiden als bei unserer Niederlage letztes Jahr in Bad K\u00f6nigshofen.\u201c<\/p>\n<p>Als Jorgic (24) seinerzeit sein erstes Interview in Deutschland mit dieser Redaktion f\u00fchrte, war er 17 und nannte sein Ziel, \u201eeines Tages die Nummer 1 der Welt sein\u201c zu wollen. Zurzeit ist er die Nr. 31, war schon unter den Top 20, wird nun nach dem WTT-Turnier in Slowenien wieder in diese N\u00e4he r\u00fccken. Franziska ist 16., Takuya 45. Darko erinnert sich, dass \u201ewir in Bremen unser erstes Spiel \u00fcberhaupt gewannen, dann sogar in D\u00fcsseldorf. Das waren gro\u00dfartige Emotionen innerhalb dieser j\u00fcngsten Truppe der Liga mit Kilian und Mizuki. Ich beobachte seither die Entwicklung dieser TSV-Mannschaft, habe noch mehrere Kontakte und komme immer wieder gern nach Bad K\u00f6nigshofen. Es war gewisserma\u00dfen das Sprungbrett f\u00fcr mich und ich bin heute noch dankbar f\u00fcr das Vertrauen und die Chance, die sie mir als jungen Kerl gegeben haben. Das werde ich nie vergessen. Ich wei\u00df es zu sch\u00e4tzen, dass sie mich dort immer noch m\u00f6gen, wie die Chats mit einigen Leuten immer wieder beweisen.\u201c<\/p>\n<p>Bei Darkos ehemaligem Mannschaftskameraden Kilian Ort schwingt noch viel Genugtuung \u00fcber den vergangenen Montag nach. \u201eEs war ein super Abend f\u00fcr uns und die Fans. Besonders gefreut haben wir uns \u00fcber die 500 Fans, auch wenn\u00b4s nicht gegen D\u00fcsseldorf oder Saarbr\u00fccken ging.\u201c Dann gibt sich \u201eKilly\u201c besorgt: \u201eF\u00fcr Freitag m\u00fcssen wir schauen, dass wir \u00fcberhaupt drei Leute zusammen kriegen. Yukiya Uda ist ja noch nicht da, Martin Allegro wurde am Donnerstag an der H\u00fcfte operiert. Da bleiben nur noch drei \u00fcbrig, und bei Basti Steger sieht\u00b4s leider nicht so gut aus. Dabei sind wir sowieso schon der Au\u00dfenseiter. Dort haben wir in der TTBL noch nie was geholt. Die haben sehr viele M\u00f6glichkeiten, unsere sind limitiert. Ich k\u00f6nnte die ganzen Stammtisch-Parolen raus hauen wie wir geben unser Bestes.\u201c<\/p>\n","protected":false},"excerpt":{"rendered":"<p>Beim 1. FC Saarbr\u00fccken TT trifft der TSV auf seinen ehemaligen Spieler Darko Jorgic TTBL Freitag, 11. November, 19 Uhr: 1. FC Saarbr\u00fccken-TT &#8211; TSV Bad K\u00f6nigshofen Bad K\u00f6nigshofen (rd) Was war doch dieser Montagabend in der Shakehands-Arena mit dem 3:2-Aufholjagd-Sieg gegen den TTC Grenzau nicht nur magisch. Er h\u00e4tte auch tragisch ausgehen und ebensolche&#8230;<\/p>\n","protected":false},"author":2,"featured_media":10080,"comment_status":"open","ping_status":"open","sticky":false,"template":"","format":"standard","meta":{"_acf_changed":false,"footnotes":""},"categories":[28],"tags":[],"class_list":["post-10304","post","type-post","status-publish","format-standard","has-post-thumbnail","hentry","category-ttbl"],"acf":[],"_links":{"self":[{"href":"https:\/\/www.tsvbadkoenigshofen-tischtennis.de\/index.php?rest_route=\/wp\/v2\/posts\/10304","targetHints":{"allow":["GET"]}}],"collection":[{"href":"https:\/\/www.tsvbadkoenigshofen-tischtennis.de\/index.php?rest_route=\/wp\/v2\/posts"}],"about":[{"href":"https:\/\/www.tsvbadkoenigshofen-tischtennis.de\/index.php?rest_route=\/wp\/v2\/types\/post"}],"author":[{"embeddable":true,"href":"https:\/\/www.tsvbadkoenigshofen-tischtennis.de\/index.php?rest_route=\/wp\/v2\/users\/2"}],"replies":[{"embeddable":true,"href":"https:\/\/www.tsvbadkoenigshofen-tischtennis.de\/index.php?rest_route=%2Fwp%2Fv2%2Fcomments&post=10304"}],"version-history":[{"count":1,"href":"https:\/\/www.tsvbadkoenigshofen-tischtennis.de\/index.php?rest_route=\/wp\/v2\/posts\/10304\/revisions"}],"predecessor-version":[{"id":10305,"href":"https:\/\/www.tsvbadkoenigshofen-tischtennis.de\/index.php?rest_route=\/wp\/v2\/posts\/10304\/revisions\/10305"}],"wp:featuredmedia":[{"embeddable":true,"href":"https:\/\/www.tsvbadkoenigshofen-tischtennis.de\/index.php?rest_route=\/wp\/v2\/media\/10080"}],"wp:attachment":[{"href":"https:\/\/www.tsvbadkoenigshofen-tischtennis.de\/index.php?rest_route=%2Fwp%2Fv2%2Fmedia&parent=10304"}],"wp:term":[{"taxonomy":"category","embeddable":true,"href":"https:\/\/www.tsvbadkoenigshofen-tischtennis.de\/index.php?rest_route=%2Fwp%2Fv2%2Fcategories&post=10304"},{"taxonomy":"post_tag","embeddable":true,"href":"https:\/\/www.tsvbadkoenigshofen-tischtennis.de\/index.php?rest_route=%2Fwp%2Fv2%2Ftags&post=10304"}],"curies":[{"name":"wp","href":"https:\/\/api.w.org\/{rel}","templated":true}]}}