{"id":10274,"date":"2022-10-11T20:50:36","date_gmt":"2022-10-11T18:50:36","guid":{"rendered":"https:\/\/www.tsvbadkoenigshofen-tischtennis.de\/?p=10274"},"modified":"2022-10-11T20:50:36","modified_gmt":"2022-10-11T18:50:36","slug":"tsv-ii-trotz-zweier-auftakt-schlappen-ueberhaupt-nicht-irritiert","status":"publish","type":"post","link":"https:\/\/www.tsvbadkoenigshofen-tischtennis.de\/?p=10274","title":{"rendered":"TSV II trotz zweier Auftakt-Schlappen \u00fcberhaupt nicht irritiert"},"content":{"rendered":"<p><span style=\"text-decoration: underline;\"><strong>Tischtennis Regionalliga S\u00fcd<\/strong><\/span><\/p>\n<p><strong>TTC SR Hohenstein-Ernstthal II \u2013 TSV Bad K\u00f6nigshofen II 9:1<\/strong><\/p>\n<p>Dass diese Saison 2022\/23 f\u00fcr die zweite Mannschaft des Tischtennis-Bundesligisten TSV Bad K\u00f6nigshofen eine besonders schwere werden w\u00fcrde, das stand schon vor dem Auftaktspiel am Samstag in der Stadt am Sachsenring, beim TTC SR Hohenstein-Ernstthal II fest. Die Mannschaft, die in der vergangenen Runde Dritter in der vierth\u00f6chsten Liga wurde, verlor eine wichtige St\u00fctze. Akito Itagaki hat sich dem Dritt-Bundesligisten DJK-SpVgg Effeltrich angeschlossen. Erhalten blieben dem TSV Christoph Sch\u00fcller, der jeweils aus Wien anreist, Marcin Miszewski und der Jugendliche Max Dreher. Aus einer anderthalbj\u00e4hrigen Verletzungs- und zweij\u00e4hrigen Wettkampfpause ist Max Keller zur\u00fcckgekommen, wor\u00fcber sich der TSV-Manager Andy Albert besonders erfreut zeigte: \u201eErst recht, weil er gleich bei seinem ersten Einsatz am Samstag ein Spiel gewonnen hat.\u201c<\/p>\n<p>Kellers Sieg gelang beim Stand von 0:5, womit also maximal noch ein 5:5-Unentschieden m\u00f6glich gewesen w\u00e4re. Theoretisch zwar nur, \u201eaber Tischtennis ist auch eine Individualsportart, und da tut Max dieser Sieg gegen Bohdan Sinkevych besonders gut f\u00fcr sein Selbstbewusstsein. Noch dazu wegen des 13:11 im dritten und 11:9 im f\u00fcnften Satz.\u201c Obwohl es nach den Eingangsdoppeln schon 0:2 gegen die K\u00f6nigsh\u00f6fer stand, konnte man noch zuversichtlich in die acht Einzel gehen. Das Junioren-Doppel Keller\/Dreher unterlag gegen Milovanov\/Sinkevych in vier S\u00e4tzen, die erfahrenen Sch\u00fcller\/Miszewski gegen Krmaschek\/Zimmermann verloren im zweiten und f\u00fcnften Satz jeweils mit 9:11.<\/p>\n<p>Maxi Dreher musste sich Karl Zimmermann, den er von vielen gemeinsamen Trainingseinheiten im Shakehandsclub in Bad K\u00f6nigshofen kennt, beim 1:3 gleich zwei Mal mit 11:13 beugen. Auch in seinem zweiten Einzel gegen Sinkevych verlor er zwei S\u00e4tze mit Mininimalabstand (11:13 und 9:11). Auf den Positionen 1 und 2 waren die Sachsen jedoch zu stark besetzt. Aussichtslos sieht aber dennoch anders aus.<\/p>\n<p><span style=\"text-decoration: underline;\">Punkt f\u00fcr Bad K\u00f6nigshofen:<\/span> Max Keller (1)<\/p>\n<p><strong>TSV Bad K\u00f6nigshofen II \u2013 TV Hilpoltstein II 3:7<\/strong><\/p>\n<p>Komplettiert wurde der Fehlstart des TSV II am Sonntag gegen den TV Hilpoltstein II, \u201eobwohl die beiden Auftaktgegner in dieser heuer sehr starken Regionalliga S\u00fcd zu den Topfavoriten um die Meisterschaft z\u00e4hlen\u201c, so die Einsch\u00e4tzung von Kapit\u00e4n Christoph Sch\u00fcller. Zudem ist der Kleinbardorfer \u201e\u00fcberhaupt nicht so unzufrieden, wie man nach diesen zwei Niederlagen annehmen k\u00f6nnte. Dass wir jeweils im vorderen Paarkreuz nicht viel ausrichten w\u00fcrden, war zu erwarten. Spannend war, wie unsere Jungen, Maxi und Max, durch den Sommer und aus dem Training gekommen sind. Und das stimmt mich doch sehr zuversichtlich, dass wir sehr bald da hinten raus kommen werden.\u201c<\/p>\n<p>Nach den Doppeln und den zwei Spitzen-Einzeln stand es 2:2. Keller\/Dreher hatten ihr Doppel mit 16:14 im dritten und 11:9 im f\u00fcnften Satz gewonnen, Marcin Miszewski sich gegen Frantisek Krcil 3:2 durchgesetzt. Im zweiten Paarkreuz waren die G\u00e4ste st\u00e4rker besetzt, gingen durch Siege von Soma Fekete und Yhya Mosslly gegen Max Keller bzw. Maxi Dreher 4:2 in F\u00fchrung. Als Sch\u00fcller Krcil nieder gerungen hatte, keimte die Hoffnung noch. Doch in den restlichen drei Einzeln gab es ein 0:3 und zwei ungl\u00fcckliche 2:3-Niederlagen. Die 13:26 S\u00e4tze best\u00e4tigen den verdienten Sieg der Mittelfranken vom Rothsee. Der in Wien lebende Sch\u00fcller bleibt diese Woche in der Heimat, weil schon kommendes Wochenende\u00a0 die Begegnungen mit den Aufsteigern Hettstedt (H, So 10 Uhr) und Kist (A, So 15.30 Uhr) anstehen.<\/p>\n<p><span style=\"text-decoration: underline;\">Punkte f\u00fcr Bad K\u00f6nigshofen:<\/span> Keller\/Dreher (1), Miszewski (1), Sch\u00fcller (1)<\/p>\n","protected":false},"excerpt":{"rendered":"<p>Tischtennis Regionalliga S\u00fcd TTC SR Hohenstein-Ernstthal II \u2013 TSV Bad K\u00f6nigshofen II 9:1 Dass diese Saison 2022\/23 f\u00fcr die zweite Mannschaft des Tischtennis-Bundesligisten TSV Bad K\u00f6nigshofen eine besonders schwere werden w\u00fcrde, das stand schon vor dem Auftaktspiel am Samstag in der Stadt am Sachsenring, beim TTC SR Hohenstein-Ernstthal II fest. Die Mannschaft, die in der&#8230;<\/p>\n","protected":false},"author":2,"featured_media":10270,"comment_status":"open","ping_status":"open","sticky":false,"template":"","format":"standard","meta":{"_acf_changed":false,"footnotes":""},"categories":[34],"tags":[],"class_list":["post-10274","post","type-post","status-publish","format-standard","has-post-thumbnail","hentry","category-amateure"],"acf":[],"_links":{"self":[{"href":"https:\/\/www.tsvbadkoenigshofen-tischtennis.de\/index.php?rest_route=\/wp\/v2\/posts\/10274","targetHints":{"allow":["GET"]}}],"collection":[{"href":"https:\/\/www.tsvbadkoenigshofen-tischtennis.de\/index.php?rest_route=\/wp\/v2\/posts"}],"about":[{"href":"https:\/\/www.tsvbadkoenigshofen-tischtennis.de\/index.php?rest_route=\/wp\/v2\/types\/post"}],"author":[{"embeddable":true,"href":"https:\/\/www.tsvbadkoenigshofen-tischtennis.de\/index.php?rest_route=\/wp\/v2\/users\/2"}],"replies":[{"embeddable":true,"href":"https:\/\/www.tsvbadkoenigshofen-tischtennis.de\/index.php?rest_route=%2Fwp%2Fv2%2Fcomments&post=10274"}],"version-history":[{"count":1,"href":"https:\/\/www.tsvbadkoenigshofen-tischtennis.de\/index.php?rest_route=\/wp\/v2\/posts\/10274\/revisions"}],"predecessor-version":[{"id":10275,"href":"https:\/\/www.tsvbadkoenigshofen-tischtennis.de\/index.php?rest_route=\/wp\/v2\/posts\/10274\/revisions\/10275"}],"wp:featuredmedia":[{"embeddable":true,"href":"https:\/\/www.tsvbadkoenigshofen-tischtennis.de\/index.php?rest_route=\/wp\/v2\/media\/10270"}],"wp:attachment":[{"href":"https:\/\/www.tsvbadkoenigshofen-tischtennis.de\/index.php?rest_route=%2Fwp%2Fv2%2Fmedia&parent=10274"}],"wp:term":[{"taxonomy":"category","embeddable":true,"href":"https:\/\/www.tsvbadkoenigshofen-tischtennis.de\/index.php?rest_route=%2Fwp%2Fv2%2Fcategories&post=10274"},{"taxonomy":"post_tag","embeddable":true,"href":"https:\/\/www.tsvbadkoenigshofen-tischtennis.de\/index.php?rest_route=%2Fwp%2Fv2%2Ftags&post=10274"}],"curies":[{"name":"wp","href":"https:\/\/api.w.org\/{rel}","templated":true}]}}